{"id":8371,"date":"2020-09-15T00:06:24","date_gmt":"2020-09-14T22:06:24","guid":{"rendered":"http:\/\/www.toulouse-tri.com\/?p=8371"},"modified":"2020-09-22T00:08:33","modified_gmt":"2020-09-21T22:08:33","slug":"et-un-et-deux-et-trois-po-diums","status":"publish","type":"post","link":"https:\/\/www.toulouse-tri.com\/?p=8371","title":{"rendered":"Et un&#8230; et deux&#8230; et trois po-diums&#8230;"},"content":{"rendered":"\n<p>Bon sang ne saurait mentir, dit l&#8217;adage.<br>C&#8217;est vrai qu&#8217;il y a des noms, comme \u00e7a, qui ne trompent pas, et o\u00f9, de p\u00e8re en fils, on na\u00eet et on reste un grand champion.<\/p>\n\n\n\n<p>Des courses, <strong><a href=\"https:\/\/www.toulouse-tri.com\/?page_id=2155&amp;id=457\">Thomas<\/a><\/strong>, qui a bien grandi depuis, en fait depuis qu&#8217;il est tout petit. Autant dire qu&#8217;il en a port\u00e9, des dossards. Et pourtant, ann\u00e9e apr\u00e8s ann\u00e9e, maintenant qu&#8217;il est devenu un grand ma\u00eetre, il les porte toujours avec autant de panache et d&#8217;envie de gagner.<\/p>\n\n\n\n<p>Et \u00e7a paie !<br>3 podiums en 3 week-ends, que voulez-vous de plus ?<\/p>\n\n\n\n<h3 class=\"wp-block-heading\">Acte I : \u00e0 Belflou, comme un cadet fou !<\/h3>\n\n\n\n<p>&#8220;<em>Comme un cadet \u00e0 sa premi\u00e8re course<\/em>&#8220;, c&#8217;est l&#8217;impression qu&#8217;il dira avoir eu au speaker qui l&#8217;interviewait apr\u00e8s sa victoire sur le <a href=\"https:\/\/www.toulouse-tri.com\/?page_id=1944&amp;id=20200830100652\"><strong>Swimrun Occitan S<\/strong><\/a> en solo.<br>Parti en t\u00eate en compagnie de l&#8217;autre vachette engag\u00e9e (qui n&#8217;aura suivi que sur son terrain favorable, donc sur le premier tron\u00e7on de trail), et malgr\u00e9 une mise \u00e0 l&#8217;eau bien trop rapide d\u00e8s qu&#8217;il aper\u00e7ut le lac, alors qu&#8217;il fallait patienter un peu et le contourner par la terre avant de nager, qui lui vaut de ne ressortir qu&#8217;au-del\u00e0 du podium, c&#8217;est bien en vainqueur qu&#8217;il se pr\u00e9sente sur la ligne d&#8217;arriv\u00e9e moins d&#8217;une heure apr\u00e8s l&#8217;avoir quitt\u00e9e.<\/p>\n\n\n\n<p>Et le plaisir est immense de retrouver la comp\u00e9tition et avec elle la victoire !<\/p>\n\n\n\n<figure class=\"wp-block-image size-large\"><img loading=\"lazy\" decoding=\"async\" width=\"1024\" height=\"768\" src=\"https:\/\/www.toulouse-tri.com\/wp-content\/uploads\/2020\/09\/Thomas-sur-le-podium-du-Swimrun-Occitan-S-2020-1024x768.jpg\" alt=\"\" class=\"wp-image-8374\" srcset=\"https:\/\/www.toulouse-tri.com\/wp-content\/uploads\/2020\/09\/Thomas-sur-le-podium-du-Swimrun-Occitan-S-2020-1024x768.jpg 1024w, https:\/\/www.toulouse-tri.com\/wp-content\/uploads\/2020\/09\/Thomas-sur-le-podium-du-Swimrun-Occitan-S-2020-scaled-400x300.jpg 400w, https:\/\/www.toulouse-tri.com\/wp-content\/uploads\/2020\/09\/Thomas-sur-le-podium-du-Swimrun-Occitan-S-2020-300x225.jpg 300w, https:\/\/www.toulouse-tri.com\/wp-content\/uploads\/2020\/09\/Thomas-sur-le-podium-du-Swimrun-Occitan-S-2020-768x576.jpg 768w, https:\/\/www.toulouse-tri.com\/wp-content\/uploads\/2020\/09\/Thomas-sur-le-podium-du-Swimrun-Occitan-S-2020-1536x1152.jpg 1536w, https:\/\/www.toulouse-tri.com\/wp-content\/uploads\/2020\/09\/Thomas-sur-le-podium-du-Swimrun-Occitan-S-2020-2048x1536.jpg 2048w\" sizes=\"auto, (max-width: 1024px) 100vw, 1024px\" \/><\/figure>\n\n\n\n<h3 class=\"wp-block-heading\">Acte II : Une star qui nage en plein bonheur<\/h3>\n\n\n\n<p>C&#8217;est presque en catimini, sans faire de bruit, que le deuxi\u00e8me podium a eu lieu.<\/p>\n\n\n\n<p>Un dimanche comme \u00e7a, en plein Toulouse o\u00f9, au lieu d&#8217;aller visiter les piscines municipales qui ont abandonn\u00e9 les horaires d&#8217;\u00e9t\u00e9 avec la rentr\u00e9e, notre dauphin pr\u00e9f\u00e9r\u00e9 est all\u00e9 nager directement dans le fleuve. Une course dans la Garonne, pas s\u00fbr que \u00e7a coule de source, mais en tout cas, \u00e7a r\u00e9ussit plut\u00f4t bien \u00e0 notre vachette qui s&#8217;empare de la victoire chez les plus de 40 ans \u00e0 l&#8217;<a href=\"https:\/\/www.toulouse-tri.com\/?page_id=1944&amp;id=20200907123223\"><strong>Open Swim Stars<\/strong><\/a>.<\/p>\n\n\n\n<h3 class=\"wp-block-heading\">Acte III : Sur ses terres avec ses pairs<\/h3>\n\n\n\n<p>Si la victoire est toujours belle, elle est encore plus savoureuse quand elle est partag\u00e9e. Et en triathlon, sport individuel \u00e0 la base, il n&#8217;y a que les relais (A ou B) ou les contre-la-montre par \u00e9quipes pour partager la joie d&#8217;un podium.<\/p>\n\n\n\n<p>L&#8217;occasion \u00e9tait trop belle, du c\u00f4t\u00e9 de <a href=\"https:\/\/www.toulouse-tri.com\/?page_id=1944&amp;id=20200914093809\">Baudreix<\/a>, pour laisser passer la chance.<br>Et qu&#8217;importe si la bande a roul\u00e9 bien trop fort pour celui qui avait fait ses efforts dans l&#8217;eau. En CLM par \u00e9quipe, on part \u00e0 cinq, et on gagne \u00e0 cinq, quand bien m\u00eame ils ne sont que trois \u00e0 passer la ligne d&#8217;arriv\u00e9e. C&#8217;est le jeu, c&#8217;est le principe, et chaque \u00e9tage de la fus\u00e9e compte autant que les autres. Si sur un lanceur spatial il n&#8217;y avait pas le moteur du premier \u00e9tage, les satellites attendraient longtemps d&#8217;arriver sur orbite&#8230;<\/p>\n\n\n\n<p>Carton plein donc pour <a href=\"https:\/\/www.toulouse-tri.com\/?page_id=2155&amp;id=457\"><strong>Thomas<\/strong><\/a>, qui a lanc\u00e9 <a href=\"https:\/\/www.toulouse-tri.com\/?page_id=2155&amp;id=823\"><strong>Damien<\/strong><\/a> (et un peu moins ses chaussures) puis les trois fus\u00e9es que sont <a href=\"https:\/\/www.toulouse-tri.com\/?page_id=2155&amp;id=716\"><strong>Flo<\/strong><\/a> (qui m\u00e9ritait enfin de monter sur la bo\u00eete apr\u00e8s ses perfs astronomiques de <a href=\"https:\/\/www.toulouse-tri.com\/?page_id=1944&amp;id=20200824034746\"><strong>Fontiers-Cabard\u00e8s<\/strong><\/a> et <a href=\"https:\/\/www.toulouse-tri.com\/?page_id=1944&amp;id=20200914091913\"><strong>Casteljaloux<\/strong><\/a> o\u00f9 le niveau \u00e9tait tel qu&#8217;il a du se contenter d&#8217;un double Top 10), <a href=\"https:\/\/www.toulouse-tri.com\/?page_id=2155&amp;id=200\"><strong>Julien<\/strong><\/a> (qui, jamais laiss\u00e9 des podiums, remettra le couvert le lendemain <a href=\"https:\/\/www.toulouse-tri.com\/?page_id=1944&amp;id=20200914093820\"><strong>en solo<\/strong><\/a>) et <a href=\"https:\/\/www.toulouse-tri.com\/?page_id=2155&amp;id=359\"><strong>Damien<\/strong><\/a> (oui, l&#8217;autre, enfin, le premier, enfin, pas le m\u00eame, quoi), et troisi\u00e8me podium en trois semaines, \u00e0 partager cette fois.<\/p>\n\n\n\n<p>En tout cas, chapeau bas, <a href=\"https:\/\/www.toulouse-tri.com\/?page_id=2155&amp;id=457\"><strong>Thomas<\/strong><\/a> !<\/p>\n\n\n\n<figure class=\"wp-block-image size-large\"><img loading=\"lazy\" decoding=\"async\" width=\"1024\" height=\"576\" src=\"https:\/\/www.toulouse-tri.com\/wp-content\/uploads\/2020\/09\/Les-vachettes-sur-le-podium-du-S-CLM-de-Beaudreix-2020-1024x576.jpg\" alt=\"\" class=\"wp-image-8373\" srcset=\"https:\/\/www.toulouse-tri.com\/wp-content\/uploads\/2020\/09\/Les-vachettes-sur-le-podium-du-S-CLM-de-Beaudreix-2020-1024x576.jpg 1024w, https:\/\/www.toulouse-tri.com\/wp-content\/uploads\/2020\/09\/Les-vachettes-sur-le-podium-du-S-CLM-de-Beaudreix-2020-scaled-400x225.jpg 400w, https:\/\/www.toulouse-tri.com\/wp-content\/uploads\/2020\/09\/Les-vachettes-sur-le-podium-du-S-CLM-de-Beaudreix-2020-300x169.jpg 300w, https:\/\/www.toulouse-tri.com\/wp-content\/uploads\/2020\/09\/Les-vachettes-sur-le-podium-du-S-CLM-de-Beaudreix-2020-768x432.jpg 768w, https:\/\/www.toulouse-tri.com\/wp-content\/uploads\/2020\/09\/Les-vachettes-sur-le-podium-du-S-CLM-de-Beaudreix-2020-1536x864.jpg 1536w, https:\/\/www.toulouse-tri.com\/wp-content\/uploads\/2020\/09\/Les-vachettes-sur-le-podium-du-S-CLM-de-Beaudreix-2020-2048x1152.jpg 2048w\" sizes=\"auto, (max-width: 1024px) 100vw, 1024px\" \/><\/figure>\n\n\n\n<blockquote class=\"wp-block-quote is-layout-flow wp-block-quote-is-layout-flow\"><p>Et d\u00e9sol\u00e9 pour les moins de vingt ans qui n&#8217;auraient pas saisi le titre<\/p><cite>Un plus de vingt ans<\/cite><\/blockquote>\n","protected":false},"excerpt":{"rendered":"<p>Trois podiums en trois week-ends, c&#8217;est la performance exceptionnelle que vient de signer Thomas P\u00e9trissans !<\/p>\n","protected":false},"author":601,"featured_media":0,"comment_status":"open","ping_status":"open","sticky":false,"template":"","format":"standard","meta":{"footnotes":"","_links_to":"","_links_to_target":""},"categories":[84],"tags":[70,69,127,122,60],"class_list":["post-8371","post","type-post","status-publish","format-standard","hentry","category-compte-rendus","tag-equipe","tag-natation","tag-podium","tag-swimrun","tag-triathlon"],"yoast_head":"<!-- This site is optimized with the Yoast SEO plugin v27.4 - https:\/\/yoast.com\/product\/yoast-seo-wordpress\/ -->\n<title>Et un... et deux... et trois po-diums... - Toulouse Triathlon<\/title>\n<meta name=\"robots\" content=\"index, follow, max-snippet:-1, max-image-preview:large, max-video-preview:-1\" \/>\n<link rel=\"canonical\" href=\"https:\/\/www.toulouse-tri.com\/?p=8371\" \/>\n<meta property=\"og:locale\" content=\"fr_FR\" \/>\n<meta property=\"og:type\" content=\"article\" \/>\n<meta property=\"og:title\" content=\"Et un... et deux... et trois po-diums... - Toulouse Triathlon\" \/>\n<meta property=\"og:description\" content=\"Trois podiums en trois week-ends, c&#039;est la performance exceptionnelle que vient de signer Thomas P\u00e9trissans !\" \/>\n<meta property=\"og:url\" content=\"https:\/\/www.toulouse-tri.com\/?p=8371\" \/>\n<meta property=\"og:site_name\" content=\"Toulouse Triathlon\" \/>\n<meta property=\"article:published_time\" content=\"2020-09-14T22:06:24+00:00\" \/>\n<meta property=\"article:modified_time\" content=\"2020-09-21T22:08:33+00:00\" \/>\n<meta property=\"og:image\" content=\"https:\/\/www.toulouse-tri.com\/wp-content\/uploads\/2020\/09\/Thomas-sur-le-podium-du-Swimrun-Occitan-S-2020-1024x768.jpg\" \/>\n<meta name=\"author\" content=\"Franck DEBREILLY\" \/>\n<meta name=\"twitter:card\" content=\"summary_large_image\" \/>\n<meta name=\"twitter:label1\" content=\"\u00c9crit par\" \/>\n\t<meta name=\"twitter:data1\" content=\"Franck DEBREILLY\" \/>\n\t<meta name=\"twitter:label2\" content=\"Dur\u00e9e de lecture estim\u00e9e\" \/>\n\t<meta name=\"twitter:data2\" content=\"3 minutes\" \/>\n<script type=\"application\/ld+json\" class=\"yoast-schema-graph\">{\"@context\":\"https:\\\/\\\/schema.org\",\"@graph\":[{\"@type\":\"Article\",\"@id\":\"https:\\\/\\\/www.toulouse-tri.com\\\/?p=8371#article\",\"isPartOf\":{\"@id\":\"https:\\\/\\\/www.toulouse-tri.com\\\/?p=8371\"},\"author\":{\"name\":\"Franck DEBREILLY\",\"@id\":\"https:\\\/\\\/www.toulouse-tri.com\\\/#\\\/schema\\\/person\\\/e6c53339838d167d1f6fd4378df9b2b1\"},\"headline\":\"Et un&#8230; et deux&#8230; et trois po-diums&#8230;\",\"datePublished\":\"2020-09-14T22:06:24+00:00\",\"dateModified\":\"2020-09-21T22:08:33+00:00\",\"mainEntityOfPage\":{\"@id\":\"https:\\\/\\\/www.toulouse-tri.com\\\/?p=8371\"},\"wordCount\":648,\"commentCount\":3,\"publisher\":{\"@id\":\"https:\\\/\\\/www.toulouse-tri.com\\\/#organization\"},\"image\":{\"@id\":\"https:\\\/\\\/www.toulouse-tri.com\\\/?p=8371#primaryimage\"},\"thumbnailUrl\":\"https:\\\/\\\/www.toulouse-tri.com\\\/wp-content\\\/uploads\\\/2020\\\/09\\\/Thomas-sur-le-podium-du-Swimrun-Occitan-S-2020-1024x768.jpg\",\"keywords\":[\"Equipe\",\"Natation\",\"Podium\",\"SwimRun\",\"Triathlon\"],\"articleSection\":[\"Compte-rendus\"],\"inLanguage\":\"fr-FR\",\"potentialAction\":[{\"@type\":\"CommentAction\",\"name\":\"Comment\",\"target\":[\"https:\\\/\\\/www.toulouse-tri.com\\\/?p=8371#respond\"]}]},{\"@type\":\"WebPage\",\"@id\":\"https:\\\/\\\/www.toulouse-tri.com\\\/?p=8371\",\"url\":\"https:\\\/\\\/www.toulouse-tri.com\\\/?p=8371\",\"name\":\"Et un... et deux... et trois po-diums... - Toulouse Triathlon\",\"isPartOf\":{\"@id\":\"https:\\\/\\\/www.toulouse-tri.com\\\/#website\"},\"primaryImageOfPage\":{\"@id\":\"https:\\\/\\\/www.toulouse-tri.com\\\/?p=8371#primaryimage\"},\"image\":{\"@id\":\"https:\\\/\\\/www.toulouse-tri.com\\\/?p=8371#primaryimage\"},\"thumbnailUrl\":\"https:\\\/\\\/www.toulouse-tri.com\\\/wp-content\\\/uploads\\\/2020\\\/09\\\/Thomas-sur-le-podium-du-Swimrun-Occitan-S-2020-1024x768.jpg\",\"datePublished\":\"2020-09-14T22:06:24+00:00\",\"dateModified\":\"2020-09-21T22:08:33+00:00\",\"breadcrumb\":{\"@id\":\"https:\\\/\\\/www.toulouse-tri.com\\\/?p=8371#breadcrumb\"},\"inLanguage\":\"fr-FR\",\"potentialAction\":[{\"@type\":\"ReadAction\",\"target\":[\"https:\\\/\\\/www.toulouse-tri.com\\\/?p=8371\"]}]},{\"@type\":\"ImageObject\",\"inLanguage\":\"fr-FR\",\"@id\":\"https:\\\/\\\/www.toulouse-tri.com\\\/?p=8371#primaryimage\",\"url\":\"https:\\\/\\\/www.toulouse-tri.com\\\/wp-content\\\/uploads\\\/2020\\\/09\\\/Thomas-sur-le-podium-du-Swimrun-Occitan-S-2020-1024x768.jpg\",\"contentUrl\":\"https:\\\/\\\/www.toulouse-tri.com\\\/wp-content\\\/uploads\\\/2020\\\/09\\\/Thomas-sur-le-podium-du-Swimrun-Occitan-S-2020-1024x768.jpg\"},{\"@type\":\"BreadcrumbList\",\"@id\":\"https:\\\/\\\/www.toulouse-tri.com\\\/?p=8371#breadcrumb\",\"itemListElement\":[{\"@type\":\"ListItem\",\"position\":1,\"name\":\"Accueil\",\"item\":\"https:\\\/\\\/www.toulouse-tri.com\\\/\"},{\"@type\":\"ListItem\",\"position\":2,\"name\":\"Et un&#8230; et deux&#8230; et trois po-diums&#8230;\"}]},{\"@type\":\"WebSite\",\"@id\":\"https:\\\/\\\/www.toulouse-tri.com\\\/#website\",\"url\":\"https:\\\/\\\/www.toulouse-tri.com\\\/\",\"name\":\"Toulouse Triathlon\",\"description\":\"Power Meuh\",\"publisher\":{\"@id\":\"https:\\\/\\\/www.toulouse-tri.com\\\/#organization\"},\"potentialAction\":[{\"@type\":\"SearchAction\",\"target\":{\"@type\":\"EntryPoint\",\"urlTemplate\":\"https:\\\/\\\/www.toulouse-tri.com\\\/?s={search_term_string}\"},\"query-input\":{\"@type\":\"PropertyValueSpecification\",\"valueRequired\":true,\"valueName\":\"search_term_string\"}}],\"inLanguage\":\"fr-FR\"},{\"@type\":\"Organization\",\"@id\":\"https:\\\/\\\/www.toulouse-tri.com\\\/#organization\",\"name\":\"Toulouse Triathlon\",\"url\":\"https:\\\/\\\/www.toulouse-tri.com\\\/\",\"logo\":{\"@type\":\"ImageObject\",\"inLanguage\":\"fr-FR\",\"@id\":\"https:\\\/\\\/www.toulouse-tri.com\\\/#\\\/schema\\\/logo\\\/image\\\/\",\"url\":\"https:\\\/\\\/www.toulouse-tri.com\\\/wp-content\\\/uploads\\\/2015\\\/03\\\/pwrmeuh.gif\",\"contentUrl\":\"https:\\\/\\\/www.toulouse-tri.com\\\/wp-content\\\/uploads\\\/2015\\\/03\\\/pwrmeuh.gif\",\"width\":224,\"height\":176,\"caption\":\"Toulouse Triathlon\"},\"image\":{\"@id\":\"https:\\\/\\\/www.toulouse-tri.com\\\/#\\\/schema\\\/logo\\\/image\\\/\"}},{\"@type\":\"Person\",\"@id\":\"https:\\\/\\\/www.toulouse-tri.com\\\/#\\\/schema\\\/person\\\/e6c53339838d167d1f6fd4378df9b2b1\",\"name\":\"Franck DEBREILLY\",\"image\":{\"@type\":\"ImageObject\",\"inLanguage\":\"fr-FR\",\"@id\":\"https:\\\/\\\/secure.gravatar.com\\\/avatar\\\/ab429b01a2537e09b4b6629abbe097c5f0d6b5653008dc71b5d257fcec8d88e0?s=96&d=wavatar&r=g\",\"url\":\"https:\\\/\\\/secure.gravatar.com\\\/avatar\\\/ab429b01a2537e09b4b6629abbe097c5f0d6b5653008dc71b5d257fcec8d88e0?s=96&d=wavatar&r=g\",\"contentUrl\":\"https:\\\/\\\/secure.gravatar.com\\\/avatar\\\/ab429b01a2537e09b4b6629abbe097c5f0d6b5653008dc71b5d257fcec8d88e0?s=96&d=wavatar&r=g\",\"caption\":\"Franck DEBREILLY\"},\"description\":\"Quand je ne m'entra\u00eene pas, je fais des jeux de soci\u00e9t\u00e9, et des voyages, \u00e0 pied de pr\u00e9f\u00e9rence (du genre http:\\\/\\\/gr10fk.free.fr)\",\"url\":\"https:\\\/\\\/www.toulouse-tri.com\\\/?author=601\"}]}<\/script>\n<!-- \/ Yoast SEO plugin. -->","yoast_head_json":{"title":"Et un... et deux... et trois po-diums... - Toulouse Triathlon","robots":{"index":"index","follow":"follow","max-snippet":"max-snippet:-1","max-image-preview":"max-image-preview:large","max-video-preview":"max-video-preview:-1"},"canonical":"https:\/\/www.toulouse-tri.com\/?p=8371","og_locale":"fr_FR","og_type":"article","og_title":"Et un... et deux... et trois po-diums... - Toulouse Triathlon","og_description":"Trois podiums en trois week-ends, c'est la performance exceptionnelle que vient de signer Thomas P\u00e9trissans !","og_url":"https:\/\/www.toulouse-tri.com\/?p=8371","og_site_name":"Toulouse Triathlon","article_published_time":"2020-09-14T22:06:24+00:00","article_modified_time":"2020-09-21T22:08:33+00:00","og_image":[{"url":"https:\/\/www.toulouse-tri.com\/wp-content\/uploads\/2020\/09\/Thomas-sur-le-podium-du-Swimrun-Occitan-S-2020-1024x768.jpg","type":"","width":"","height":""}],"author":"Franck DEBREILLY","twitter_card":"summary_large_image","twitter_misc":{"\u00c9crit par":"Franck DEBREILLY","Dur\u00e9e de lecture estim\u00e9e":"3 minutes"},"schema":{"@context":"https:\/\/schema.org","@graph":[{"@type":"Article","@id":"https:\/\/www.toulouse-tri.com\/?p=8371#article","isPartOf":{"@id":"https:\/\/www.toulouse-tri.com\/?p=8371"},"author":{"name":"Franck DEBREILLY","@id":"https:\/\/www.toulouse-tri.com\/#\/schema\/person\/e6c53339838d167d1f6fd4378df9b2b1"},"headline":"Et un&#8230; et deux&#8230; et trois po-diums&#8230;","datePublished":"2020-09-14T22:06:24+00:00","dateModified":"2020-09-21T22:08:33+00:00","mainEntityOfPage":{"@id":"https:\/\/www.toulouse-tri.com\/?p=8371"},"wordCount":648,"commentCount":3,"publisher":{"@id":"https:\/\/www.toulouse-tri.com\/#organization"},"image":{"@id":"https:\/\/www.toulouse-tri.com\/?p=8371#primaryimage"},"thumbnailUrl":"https:\/\/www.toulouse-tri.com\/wp-content\/uploads\/2020\/09\/Thomas-sur-le-podium-du-Swimrun-Occitan-S-2020-1024x768.jpg","keywords":["Equipe","Natation","Podium","SwimRun","Triathlon"],"articleSection":["Compte-rendus"],"inLanguage":"fr-FR","potentialAction":[{"@type":"CommentAction","name":"Comment","target":["https:\/\/www.toulouse-tri.com\/?p=8371#respond"]}]},{"@type":"WebPage","@id":"https:\/\/www.toulouse-tri.com\/?p=8371","url":"https:\/\/www.toulouse-tri.com\/?p=8371","name":"Et un... et deux... et trois po-diums... - Toulouse Triathlon","isPartOf":{"@id":"https:\/\/www.toulouse-tri.com\/#website"},"primaryImageOfPage":{"@id":"https:\/\/www.toulouse-tri.com\/?p=8371#primaryimage"},"image":{"@id":"https:\/\/www.toulouse-tri.com\/?p=8371#primaryimage"},"thumbnailUrl":"https:\/\/www.toulouse-tri.com\/wp-content\/uploads\/2020\/09\/Thomas-sur-le-podium-du-Swimrun-Occitan-S-2020-1024x768.jpg","datePublished":"2020-09-14T22:06:24+00:00","dateModified":"2020-09-21T22:08:33+00:00","breadcrumb":{"@id":"https:\/\/www.toulouse-tri.com\/?p=8371#breadcrumb"},"inLanguage":"fr-FR","potentialAction":[{"@type":"ReadAction","target":["https:\/\/www.toulouse-tri.com\/?p=8371"]}]},{"@type":"ImageObject","inLanguage":"fr-FR","@id":"https:\/\/www.toulouse-tri.com\/?p=8371#primaryimage","url":"https:\/\/www.toulouse-tri.com\/wp-content\/uploads\/2020\/09\/Thomas-sur-le-podium-du-Swimrun-Occitan-S-2020-1024x768.jpg","contentUrl":"https:\/\/www.toulouse-tri.com\/wp-content\/uploads\/2020\/09\/Thomas-sur-le-podium-du-Swimrun-Occitan-S-2020-1024x768.jpg"},{"@type":"BreadcrumbList","@id":"https:\/\/www.toulouse-tri.com\/?p=8371#breadcrumb","itemListElement":[{"@type":"ListItem","position":1,"name":"Accueil","item":"https:\/\/www.toulouse-tri.com\/"},{"@type":"ListItem","position":2,"name":"Et un&#8230; et deux&#8230; et trois po-diums&#8230;"}]},{"@type":"WebSite","@id":"https:\/\/www.toulouse-tri.com\/#website","url":"https:\/\/www.toulouse-tri.com\/","name":"Toulouse Triathlon","description":"Power Meuh","publisher":{"@id":"https:\/\/www.toulouse-tri.com\/#organization"},"potentialAction":[{"@type":"SearchAction","target":{"@type":"EntryPoint","urlTemplate":"https:\/\/www.toulouse-tri.com\/?s={search_term_string}"},"query-input":{"@type":"PropertyValueSpecification","valueRequired":true,"valueName":"search_term_string"}}],"inLanguage":"fr-FR"},{"@type":"Organization","@id":"https:\/\/www.toulouse-tri.com\/#organization","name":"Toulouse Triathlon","url":"https:\/\/www.toulouse-tri.com\/","logo":{"@type":"ImageObject","inLanguage":"fr-FR","@id":"https:\/\/www.toulouse-tri.com\/#\/schema\/logo\/image\/","url":"https:\/\/www.toulouse-tri.com\/wp-content\/uploads\/2015\/03\/pwrmeuh.gif","contentUrl":"https:\/\/www.toulouse-tri.com\/wp-content\/uploads\/2015\/03\/pwrmeuh.gif","width":224,"height":176,"caption":"Toulouse Triathlon"},"image":{"@id":"https:\/\/www.toulouse-tri.com\/#\/schema\/logo\/image\/"}},{"@type":"Person","@id":"https:\/\/www.toulouse-tri.com\/#\/schema\/person\/e6c53339838d167d1f6fd4378df9b2b1","name":"Franck DEBREILLY","image":{"@type":"ImageObject","inLanguage":"fr-FR","@id":"https:\/\/secure.gravatar.com\/avatar\/ab429b01a2537e09b4b6629abbe097c5f0d6b5653008dc71b5d257fcec8d88e0?s=96&d=wavatar&r=g","url":"https:\/\/secure.gravatar.com\/avatar\/ab429b01a2537e09b4b6629abbe097c5f0d6b5653008dc71b5d257fcec8d88e0?s=96&d=wavatar&r=g","contentUrl":"https:\/\/secure.gravatar.com\/avatar\/ab429b01a2537e09b4b6629abbe097c5f0d6b5653008dc71b5d257fcec8d88e0?s=96&d=wavatar&r=g","caption":"Franck DEBREILLY"},"description":"Quand je ne m'entra\u00eene pas, je fais des jeux de soci\u00e9t\u00e9, et des voyages, \u00e0 pied de pr\u00e9f\u00e9rence (du genre http:\/\/gr10fk.free.fr)","url":"https:\/\/www.toulouse-tri.com\/?author=601"}]}},"_links":{"self":[{"href":"https:\/\/www.toulouse-tri.com\/index.php?rest_route=\/wp\/v2\/posts\/8371","targetHints":{"allow":["GET"]}}],"collection":[{"href":"https:\/\/www.toulouse-tri.com\/index.php?rest_route=\/wp\/v2\/posts"}],"about":[{"href":"https:\/\/www.toulouse-tri.com\/index.php?rest_route=\/wp\/v2\/types\/post"}],"author":[{"embeddable":true,"href":"https:\/\/www.toulouse-tri.com\/index.php?rest_route=\/wp\/v2\/users\/601"}],"replies":[{"embeddable":true,"href":"https:\/\/www.toulouse-tri.com\/index.php?rest_route=%2Fwp%2Fv2%2Fcomments&post=8371"}],"version-history":[{"count":4,"href":"https:\/\/www.toulouse-tri.com\/index.php?rest_route=\/wp\/v2\/posts\/8371\/revisions"}],"predecessor-version":[{"id":8403,"href":"https:\/\/www.toulouse-tri.com\/index.php?rest_route=\/wp\/v2\/posts\/8371\/revisions\/8403"}],"wp:attachment":[{"href":"https:\/\/www.toulouse-tri.com\/index.php?rest_route=%2Fwp%2Fv2%2Fmedia&parent=8371"}],"wp:term":[{"taxonomy":"category","embeddable":true,"href":"https:\/\/www.toulouse-tri.com\/index.php?rest_route=%2Fwp%2Fv2%2Fcategories&post=8371"},{"taxonomy":"post_tag","embeddable":true,"href":"https:\/\/www.toulouse-tri.com\/index.php?rest_route=%2Fwp%2Fv2%2Ftags&post=8371"}],"curies":[{"name":"wp","href":"https:\/\/api.w.org\/{rel}","templated":true}]}}