{"id":8188,"date":"2020-08-10T15:00:00","date_gmt":"2020-08-10T13:00:00","guid":{"rendered":"http:\/\/www.toulouse-tri.com\/?p=8188"},"modified":"2020-08-24T17:54:02","modified_gmt":"2020-08-24T15:54:02","slug":"une-course-club-caliente","status":"publish","type":"post","link":"https:\/\/www.toulouse-tri.com\/?p=8188","title":{"rendered":"Une course club&#8230; caliente !"},"content":{"rendered":"\n<figure class=\"wp-block-image size-large\"><img loading=\"lazy\" decoding=\"async\" width=\"1024\" height=\"768\" src=\"https:\/\/www.toulouse-tri.com\/wp-content\/uploads\/2020\/08\/2020-08-09-M-de-la-Montagne-Noire-1024x768.jpg\" alt=\"\" class=\"wp-image-8200\" srcset=\"https:\/\/www.toulouse-tri.com\/wp-content\/uploads\/2020\/08\/2020-08-09-M-de-la-Montagne-Noire-1024x768.jpg 1024w, https:\/\/www.toulouse-tri.com\/wp-content\/uploads\/2020\/08\/2020-08-09-M-de-la-Montagne-Noire-scaled-400x300.jpg 400w, https:\/\/www.toulouse-tri.com\/wp-content\/uploads\/2020\/08\/2020-08-09-M-de-la-Montagne-Noire-300x225.jpg 300w, https:\/\/www.toulouse-tri.com\/wp-content\/uploads\/2020\/08\/2020-08-09-M-de-la-Montagne-Noire-768x576.jpg 768w, https:\/\/www.toulouse-tri.com\/wp-content\/uploads\/2020\/08\/2020-08-09-M-de-la-Montagne-Noire-1536x1152.jpg 1536w, https:\/\/www.toulouse-tri.com\/wp-content\/uploads\/2020\/08\/2020-08-09-M-de-la-Montagne-Noire-2048x1536.jpg 2048w\" sizes=\"auto, (max-width: 1024px) 100vw, 1024px\" \/><figcaption>Une bonne partie des 16 vachettes pr\u00e9sentes sur le M (soit 10 % des concurrents !)<\/figcaption><\/figure>\n\n\n\n<p>Apr\u00e8s trois \u00e9ditions sur le site magnifique de Villefrance-de-Panat et dans le cadre du <a href=\"https:\/\/triathlon-du-levezou.fr\/\">Triathlon du L\u00e9v\u00e9zou<\/a>, le <a href=\"https:\/\/www.toulouse-tri.com\/?page_id=3560\">bureau<\/a> avait d\u00e9cid\u00e9 de changer de cieux pour l&#8217;\u00e9dition 2020 de la course club et de jeter son d\u00e9volu sur Fontiers-Cabard\u00e8s, village que tout le monde sait parfaitement placer sur une carte, cela va de soi, et tout aussi propice \u00e0 la pratique du triple effort.<\/p>\n\n\n\n<p>\u00c9tait-ce une pr\u00e9monition ? Simplement un coup de bol ? Quoi qu&#8217;il en soit, c&#8217;\u00e9tait bien vu puisqu&#8217;Aveyron rimait malheureusement cette ann\u00e9e avec annulation mais qu&#8217;en <a href=\"https:\/\/www.triathlon-fontiers-cabardes.fr\/\">Montagne Noire<\/a>, c&#8217;\u00e9tait une autre histoire.<\/p>\n\n\n\n<p>En effet, les organisateurs ont tenu bon jusqu&#8217;au bout (et on ne saura jamais trop les en remercier !), adapt\u00e9 ce qui devait l&#8217;\u00eatre, et maintenu leur \u00e9preuve, une des toutes premi\u00e8res apr\u00e8s le red\u00e9marrage d\u00e9but ao\u00fbt. A tel point qu&#8217;une partie du gratin national avait fait le d\u00e9placement, avec des pointures sur le L le samedi, et tout un groupe d&#8217;entra\u00eenement de Premi\u00e8re Division sur le M le dimanche. Bref, de quoi booster les courses.<br>Mais pas de quoi effrayer le troupeau de vachettes venues en nombre, avec 7 au d\u00e9part du <a href=\"https:\/\/www.toulouse-tri.com\/?page_id=1944&amp;id=20200809073741\">Half<\/a> (sous le regard aiguis\u00e9 de <a href=\"https:\/\/www.toulouse-tri.com\/?page_id=2155&amp;id=830\">Corentin<\/a> et <a href=\"https:\/\/www.toulouse-tri.com\/?page_id=2155&amp;id=714\">J\u00e9r\u00e9my<\/a>, les 2 arbitres masqu\u00e9s) et 16 sur le <a href=\"https:\/\/www.toulouse-tri.com\/?page_id=1944&amp;id=20200824034746\">M<\/a>, soit un dixi\u00e8me de l&#8217;effectif total de la course !<\/p>\n\n\n\n<p>C\u00f4t\u00e9 ambiance, \u00e9videmment, pas de soir\u00e9e moules-frites qui fait, entre autres, la renomm\u00e9e de l&#8217;\u00e9preuve, pas de logement en groupe \u00e0 l&#8217;internat du coll\u00e8ge, et pas de ravitaillement ni de buvette \u00e0 l&#8217;arriv\u00e9e, pas plus qu&#8217;en course o\u00f9 seuls des points d&#8217;eau \u00e9taient dispos\u00e9s. Mais le plaisir des organisateurs et des participants \u00e9tait palpable, la joie de se retrouver, l&#8217;envie de porter \u00e0 nouveau des dossards et de se tirer la bourre faisant vite oublier le port du masque obligatoire jusqu&#8217;au d\u00e9part et d\u00e8s l&#8217;arriv\u00e9e. Et puis, chose assez rare, un silence pareil lors d&#8217;un briefing de course (r\u00e9duit \u00e0 sa plus simple expression), rien que \u00e7a, cela valait le d\u00e9tour !<\/p>\n\n\n\n<div class=\"wp-block-file aligncenter\"><a href=\"https:\/\/www.toulouse-tri.com\/wp-content\/uploads\/2020\/08\/2020-08-09-M-de-la-Montagne-Noire.mov\">Quand la routine du coach est devenue un r\u00e9flexe&#8230;<\/a><a href=\"https:\/\/www.toulouse-tri.com\/wp-content\/uploads\/2020\/08\/2020-08-09-M-de-la-Montagne-Noire.mov\" class=\"wp-block-file__button\" download>Voir la vid\u00e9o<\/a><\/div>\n\n\n\n<p>Le d\u00e9part \u00e9tait organis\u00e9 en plusieurs vagues, dans l&#8217;ordre des dossards. Tiens, d&#8217;ailleurs, parlons-en, des dossards. Petite innovation sur l&#8217;\u00e9preuve, les dossards n&#8217;\u00e9taient ni dans l&#8217;ordre d&#8217;inscription, ni alphab\u00e9tique, ni sur l&#8217;\u00e2ge, mais sur le classement pronostiqu\u00e9 par le site partenaire, <a href=\"https:\/\/www.t2area.com\/clubs\/1-fftri-federation-francaise-de-triathlon\/874-toulouse-triathlon.html\">T2Area<\/a>, en fonction des r\u00e9sultats pass\u00e9s.<br>Ce qui a valu moult commentaires avant la course, chacun jugeant de ses capacit\u00e9s \u00e0 honorer son rang face \u00e0 la concurrence (<a href=\"https:\/\/www.toulouse-tri.com\/?page_id=2155&amp;id=716\">Flo<\/a>, <a href=\"https:\/\/www.toulouse-tri.com\/?page_id=2155&amp;id=837\">Roxane<\/a>, des choses \u00e0 nous dire ?) ou se mettant le d\u00e9fi de faire mieux que le pronostic. Certains cachaient enfin leur jeu en ayant les dossards de la fin, r\u00e9serv\u00e9 aux inconnus du site pour lesquels aucun calcul de performance n&#8217;\u00e9tait possible, faute de r\u00e9sultats pass\u00e9s.<br>A ce petit jeu, il faut f\u00e9liciter <a href=\"https:\/\/www.toulouse-tri.com\/?page_id=2155&amp;id=647\">Christelle<\/a>, qui est tomb\u00e9e pile, et <a href=\"https:\/\/www.toulouse-tri.com\/?page_id=2155&amp;id=59\">Daniel<\/a> et <a href=\"https:\/\/www.toulouse-tri.com\/?page_id=2155&amp;id=690\">Philippe<\/a> qui ont \u00e9chang\u00e9 leurs num\u00e9ros en passant la ligne d&#8217;arriv\u00e9e main dans la main, mais dans le d\u00e9sordre ! Et mentionner <a href=\"https:\/\/www.toulouse-tri.com\/?page_id=2155&amp;id=837\">Roxane<\/a>, <a href=\"https:\/\/www.toulouse-tri.com\/?page_id=2155&amp;id=739\">Jean-Yves<\/a> et <a href=\"https:\/\/www.toulouse-tri.com\/?page_id=2155&amp;id=714\">J\u00e9r\u00e9my<\/a> qui, sans doute de peur qu&#8217;on les accuse d&#8217;avoir fait une course d&#8217;\u00e9quipe, n&#8217;ont pas suivi le pronostic du tir group\u00e9 \u00e0 trois pour arriver dans un ordre tout \u00e0 fait dispers\u00e9.<\/p>\n\n\n\n<p>Mais ne prenons pas trop d&#8217;avance et revenons aux courses.<\/p>\n\n\n\n<p>D\u00e9but ao\u00fbt, m\u00eame avec l&#8217;altitude des premiers contreforts de la Montagne Noire (tout le monde est toujours \u00e0 l&#8217;aise avec la carte, n&#8217;est-ce pas ?), il fait chaud. Tr\u00e8s chaud. Tr\u00e8s tr\u00e8s chaud. Et il y a m\u00eame des ann\u00e9es o\u00f9 c&#8217;est carr\u00e9ment p\u00e9riode de canicule. Et pour cette ann\u00e9e si particuli\u00e8re, on allait pas se priver d&#8217;un beau pic de chaleur, non ?<br>Dans l&#8217;eau au d\u00e9part, tout le monde en \u00e9tait content. D&#8217;autant que, \u00e9pid\u00e9mie oblige, la combinaison \u00e9tait interdite (pour que les b\u00e9n\u00e9voles n&#8217;aient pas \u00e0 les manipuler pour les ramener d&#8217;un parc \u00e0 v\u00e9los \u00e0 l&#8217;autre). D&#8217;ailleurs les distances avaient \u00e9t\u00e9 raccourcies : un seul tour de 600 m pour le M, deux pour le L, mais des tours de 700, la bou\u00e9e bou\u00e9e (ou presque) ayant d\u00e9cid\u00e9 de se faire la malle et d&#8217;aller au milieu d&#8217;un champ d&#8217;algues, de vase et de petits morceaux noirs en suspension qui laisseront des souvenirs aux baigneurs. C&#8217;est comme les confettis, le soir sous la douche, on en retrouvait encore !<\/p>\n\n\n\n<p>Sur le v\u00e9lo d\u00e9j\u00e0, la chaleur \u00e9tait bien pr\u00e9sente. Cependant, la boucle (toujours \u00e0 faire une fois sur le M, deux avec une petite jonction sur le L) \u00e9tant globalement tr\u00e8s arbor\u00e9e, cela passait plut\u00f4t bien. Assez pour bien profiter des tr\u00e8s l\u00e9gers faux plats&#8230;<br>Pas de S cette ann\u00e9e, dont le parcours est carr\u00e9ment relev\u00e9 avec une bonne grosse c\u00f4te en plein milieu. Mais pour autant, il faut des cuisses sur la grande boucle, qui consiste en gros \u00e0 monter pendant 20 bornes entre 4 et 6 %, puis \u00e0 redescendre de l&#8217;autre c\u00f4t\u00e9 en \u00e9vitant la tranch\u00e9e fra\u00eechement rebouch\u00e9e de la fibre optique, les virages serr\u00e9es et autres petites routes.<br>Du v\u00e9lo, du vrai !<\/p>\n\n\n\n<p>Mais tout \u00e7a, ce n&#8217;est que la mise en bouche.<br>Le vrai plat de r\u00e9sistance arrive une fois revenus dans le village de Fontiers-Cabard\u00e8s (rappelez-nous le code postal, les incollables en g\u00e9o ?) et apr\u00e8s la deuxi\u00e8me transition.<br>Le briefing \u00e9tait clair : attention, parcours de trail&#8230; Et on peut dire que personne n&#8217;a \u00e9t\u00e9 d\u00e9\u00e7u du voyage ! Car non seulement \u00e7a monte pendant 5 bornes, mais une fois la descente attaqu\u00e9e, quand on se croit tranquille \u00e0 d\u00e9rouler jusqu&#8217;en bas (avant de refaire la boucle pour le L qui fait tout comme le M, mais deux fois, parce qu&#8217;il le vaut bien), le petit raidillon dans la for\u00eat a de quoi surprendre. Et avant \u00e7a, il avait donc fallu grimper pendant toute la premi\u00e8re moiti\u00e9, en plein soleil, sur des chemins bien impr\u00e9gn\u00e9s de chaleur&#8230; Les messages relatifs \u00e0 l&#8217;alerte canicule \u00e9taient clairs : &#8220;<em>ne pratiquez pas d&#8217;activit\u00e9 physique intensive<\/em>&#8220;. Les plus costauds devant n&#8217;auront que faire du conseil. Derri\u00e8re, quantit\u00e9 de marcheurs se feront une petite randonn\u00e9e tranquille pour tenir jusqu&#8217;\u00e0 l&#8217;arriv\u00e9e, parfois m\u00eame pieds nus en raison des ampoules qui saignent (oui, <a href=\"https:\/\/www.toulouse-tri.com\/?page_id=2155&amp;id=827\">Mathieu<\/a>, m\u00eame sur un M, le port de chaussettes par temps chaud est recommand\u00e9). D&#8217;autres enfin jetteront carr\u00e9ment l&#8217;\u00e9ponge.<\/p>\n\n\n\n<p>L&#8217;arriv\u00e9e est ombrag\u00e9e, tranquille, paisible, au centre du village et sous une immense arche faite en rondins de bois. C&#8217;est beau, c&#8217;est chouette, c&#8217;est le retour de la comp\u00e9tition !<\/p>\n\n\n\n<p>Au final, tout le monde se souviendra de cette \u00e9dition, \u00e0 la fois pour ses conditions particuli\u00e8res d&#8217;organisation que pour la m\u00e9t\u00e9o \u00e9prouvante. C&#8217;est bien simple, \u00e0 chaque fois que le speaker donnait la parole \u00e0 un(e) athl\u00e8te \u00e0 l&#8217;arriv\u00e9e, les premiers mots \u00e9taient &#8220;<em>C&#8217;\u00e9tait dur !<\/em>&#8220;, la seule variation constat\u00e9e \u00e9tant sur la pr\u00e9sence du <em>tr\u00e8s<\/em> ou pas !<\/p>\n\n\n\n<p>Et comme toujours, c&#8217;est un troupeau de vachettes radieuses et rayonnantes, ravies d&#8217;avoir pu courir, qui se retrouvait \u00e0 la terrasse du bar voisin (qui lui avait le droit d&#8217;ouvrir) pour d\u00e9guster une boisson de r\u00e9cup\u00e9ration houblonn\u00e9e.<\/p>\n\n\n\n<figure class=\"wp-block-image size-large is-style-default\"><img loading=\"lazy\" decoding=\"async\" width=\"1024\" height=\"768\" src=\"https:\/\/www.toulouse-tri.com\/wp-content\/uploads\/2020\/08\/20200808_172648-1024x768.jpg\" alt=\"\" class=\"wp-image-8203\" srcset=\"https:\/\/www.toulouse-tri.com\/wp-content\/uploads\/2020\/08\/20200808_172648-1024x768.jpg 1024w, https:\/\/www.toulouse-tri.com\/wp-content\/uploads\/2020\/08\/20200808_172648-scaled-400x300.jpg 400w, https:\/\/www.toulouse-tri.com\/wp-content\/uploads\/2020\/08\/20200808_172648-300x225.jpg 300w, https:\/\/www.toulouse-tri.com\/wp-content\/uploads\/2020\/08\/20200808_172648-768x576.jpg 768w, https:\/\/www.toulouse-tri.com\/wp-content\/uploads\/2020\/08\/20200808_172648-1536x1152.jpg 1536w, https:\/\/www.toulouse-tri.com\/wp-content\/uploads\/2020\/08\/20200808_172648-2048x1536.jpg 2048w\" sizes=\"auto, (max-width: 1024px) 100vw, 1024px\" \/><figcaption>Covid oblige, cette ann\u00e9e, c&#8217;\u00e9tait soit masqu\u00e9s&#8230;<\/figcaption><\/figure>\n\n\n\n<figure class=\"wp-block-image size-large\"><img loading=\"lazy\" decoding=\"async\" width=\"1024\" height=\"768\" src=\"https:\/\/www.toulouse-tri.com\/wp-content\/uploads\/2020\/08\/20200808_172733-1024x768.jpg\" alt=\"\" class=\"wp-image-8205\" srcset=\"https:\/\/www.toulouse-tri.com\/wp-content\/uploads\/2020\/08\/20200808_172733-1024x768.jpg 1024w, https:\/\/www.toulouse-tri.com\/wp-content\/uploads\/2020\/08\/20200808_172733-scaled-400x300.jpg 400w, https:\/\/www.toulouse-tri.com\/wp-content\/uploads\/2020\/08\/20200808_172733-300x225.jpg 300w, https:\/\/www.toulouse-tri.com\/wp-content\/uploads\/2020\/08\/20200808_172733-768x576.jpg 768w, https:\/\/www.toulouse-tri.com\/wp-content\/uploads\/2020\/08\/20200808_172733-1536x1152.jpg 1536w, https:\/\/www.toulouse-tri.com\/wp-content\/uploads\/2020\/08\/20200808_172733-2048x1536.jpg 2048w\" sizes=\"auto, (max-width: 1024px) 100vw, 1024px\" \/><figcaption>&#8230;soit distanci\u00e9s !<\/figcaption><\/figure>\n\n\n\n<p><\/p>\n","protected":false},"excerpt":{"rendered":"<p>La reprise de la saison s&#8217;est faite avec la course club au triathlon de la Montagne Noire<\/p>\n","protected":false},"author":601,"featured_media":0,"comment_status":"open","ping_status":"open","sticky":false,"template":"","format":"standard","meta":{"footnotes":"","_links_to":"","_links_to_target":""},"categories":[84,86],"tags":[62,60],"class_list":["post-8188","post","type-post","status-publish","format-standard","hentry","category-compte-rendus","category-vie-du-club","tag-club","tag-triathlon"],"yoast_head":"<!-- This site is optimized with the Yoast SEO plugin v27.4 - https:\/\/yoast.com\/product\/yoast-seo-wordpress\/ -->\n<title>Une course club... caliente ! - Toulouse Triathlon<\/title>\n<meta name=\"robots\" content=\"index, follow, max-snippet:-1, max-image-preview:large, max-video-preview:-1\" \/>\n<link rel=\"canonical\" href=\"https:\/\/www.toulouse-tri.com\/?p=8188\" \/>\n<meta property=\"og:locale\" content=\"fr_FR\" \/>\n<meta property=\"og:type\" content=\"article\" \/>\n<meta property=\"og:title\" content=\"Une course club... caliente ! - Toulouse Triathlon\" \/>\n<meta property=\"og:description\" content=\"La reprise de la saison s&#039;est faite avec la course club au triathlon de la Montagne Noire\" \/>\n<meta property=\"og:url\" content=\"https:\/\/www.toulouse-tri.com\/?p=8188\" \/>\n<meta property=\"og:site_name\" content=\"Toulouse Triathlon\" \/>\n<meta property=\"article:published_time\" content=\"2020-08-10T13:00:00+00:00\" \/>\n<meta property=\"article:modified_time\" content=\"2020-08-24T15:54:02+00:00\" \/>\n<meta property=\"og:image\" content=\"https:\/\/www.toulouse-tri.com\/wp-content\/uploads\/2020\/08\/2020-08-09-M-de-la-Montagne-Noire-1024x768.jpg\" \/>\n<meta name=\"author\" content=\"Franck DEBREILLY\" \/>\n<meta name=\"twitter:card\" content=\"summary_large_image\" \/>\n<meta name=\"twitter:label1\" content=\"\u00c9crit par\" \/>\n\t<meta name=\"twitter:data1\" content=\"Franck DEBREILLY\" \/>\n\t<meta name=\"twitter:label2\" content=\"Dur\u00e9e de lecture estim\u00e9e\" \/>\n\t<meta name=\"twitter:data2\" content=\"6 minutes\" \/>\n<script type=\"application\/ld+json\" class=\"yoast-schema-graph\">{\"@context\":\"https:\\\/\\\/schema.org\",\"@graph\":[{\"@type\":\"Article\",\"@id\":\"https:\\\/\\\/www.toulouse-tri.com\\\/?p=8188#article\",\"isPartOf\":{\"@id\":\"https:\\\/\\\/www.toulouse-tri.com\\\/?p=8188\"},\"author\":{\"name\":\"Franck DEBREILLY\",\"@id\":\"https:\\\/\\\/www.toulouse-tri.com\\\/#\\\/schema\\\/person\\\/e6c53339838d167d1f6fd4378df9b2b1\"},\"headline\":\"Une course club&#8230; caliente !\",\"datePublished\":\"2020-08-10T13:00:00+00:00\",\"dateModified\":\"2020-08-24T15:54:02+00:00\",\"mainEntityOfPage\":{\"@id\":\"https:\\\/\\\/www.toulouse-tri.com\\\/?p=8188\"},\"wordCount\":1332,\"commentCount\":2,\"publisher\":{\"@id\":\"https:\\\/\\\/www.toulouse-tri.com\\\/#organization\"},\"image\":{\"@id\":\"https:\\\/\\\/www.toulouse-tri.com\\\/?p=8188#primaryimage\"},\"thumbnailUrl\":\"https:\\\/\\\/www.toulouse-tri.com\\\/wp-content\\\/uploads\\\/2020\\\/08\\\/2020-08-09-M-de-la-Montagne-Noire-1024x768.jpg\",\"keywords\":[\"Club\",\"Triathlon\"],\"articleSection\":[\"Compte-rendus\",\"La vie du club\"],\"inLanguage\":\"fr-FR\",\"potentialAction\":[{\"@type\":\"CommentAction\",\"name\":\"Comment\",\"target\":[\"https:\\\/\\\/www.toulouse-tri.com\\\/?p=8188#respond\"]}]},{\"@type\":\"WebPage\",\"@id\":\"https:\\\/\\\/www.toulouse-tri.com\\\/?p=8188\",\"url\":\"https:\\\/\\\/www.toulouse-tri.com\\\/?p=8188\",\"name\":\"Une course club... caliente ! - Toulouse Triathlon\",\"isPartOf\":{\"@id\":\"https:\\\/\\\/www.toulouse-tri.com\\\/#website\"},\"primaryImageOfPage\":{\"@id\":\"https:\\\/\\\/www.toulouse-tri.com\\\/?p=8188#primaryimage\"},\"image\":{\"@id\":\"https:\\\/\\\/www.toulouse-tri.com\\\/?p=8188#primaryimage\"},\"thumbnailUrl\":\"https:\\\/\\\/www.toulouse-tri.com\\\/wp-content\\\/uploads\\\/2020\\\/08\\\/2020-08-09-M-de-la-Montagne-Noire-1024x768.jpg\",\"datePublished\":\"2020-08-10T13:00:00+00:00\",\"dateModified\":\"2020-08-24T15:54:02+00:00\",\"breadcrumb\":{\"@id\":\"https:\\\/\\\/www.toulouse-tri.com\\\/?p=8188#breadcrumb\"},\"inLanguage\":\"fr-FR\",\"potentialAction\":[{\"@type\":\"ReadAction\",\"target\":[\"https:\\\/\\\/www.toulouse-tri.com\\\/?p=8188\"]}]},{\"@type\":\"ImageObject\",\"inLanguage\":\"fr-FR\",\"@id\":\"https:\\\/\\\/www.toulouse-tri.com\\\/?p=8188#primaryimage\",\"url\":\"https:\\\/\\\/www.toulouse-tri.com\\\/wp-content\\\/uploads\\\/2020\\\/08\\\/2020-08-09-M-de-la-Montagne-Noire-1024x768.jpg\",\"contentUrl\":\"https:\\\/\\\/www.toulouse-tri.com\\\/wp-content\\\/uploads\\\/2020\\\/08\\\/2020-08-09-M-de-la-Montagne-Noire-1024x768.jpg\"},{\"@type\":\"BreadcrumbList\",\"@id\":\"https:\\\/\\\/www.toulouse-tri.com\\\/?p=8188#breadcrumb\",\"itemListElement\":[{\"@type\":\"ListItem\",\"position\":1,\"name\":\"Accueil\",\"item\":\"https:\\\/\\\/www.toulouse-tri.com\\\/\"},{\"@type\":\"ListItem\",\"position\":2,\"name\":\"Une course club&#8230; caliente !\"}]},{\"@type\":\"WebSite\",\"@id\":\"https:\\\/\\\/www.toulouse-tri.com\\\/#website\",\"url\":\"https:\\\/\\\/www.toulouse-tri.com\\\/\",\"name\":\"Toulouse Triathlon\",\"description\":\"Power Meuh\",\"publisher\":{\"@id\":\"https:\\\/\\\/www.toulouse-tri.com\\\/#organization\"},\"potentialAction\":[{\"@type\":\"SearchAction\",\"target\":{\"@type\":\"EntryPoint\",\"urlTemplate\":\"https:\\\/\\\/www.toulouse-tri.com\\\/?s={search_term_string}\"},\"query-input\":{\"@type\":\"PropertyValueSpecification\",\"valueRequired\":true,\"valueName\":\"search_term_string\"}}],\"inLanguage\":\"fr-FR\"},{\"@type\":\"Organization\",\"@id\":\"https:\\\/\\\/www.toulouse-tri.com\\\/#organization\",\"name\":\"Toulouse Triathlon\",\"url\":\"https:\\\/\\\/www.toulouse-tri.com\\\/\",\"logo\":{\"@type\":\"ImageObject\",\"inLanguage\":\"fr-FR\",\"@id\":\"https:\\\/\\\/www.toulouse-tri.com\\\/#\\\/schema\\\/logo\\\/image\\\/\",\"url\":\"https:\\\/\\\/www.toulouse-tri.com\\\/wp-content\\\/uploads\\\/2015\\\/03\\\/pwrmeuh.gif\",\"contentUrl\":\"https:\\\/\\\/www.toulouse-tri.com\\\/wp-content\\\/uploads\\\/2015\\\/03\\\/pwrmeuh.gif\",\"width\":224,\"height\":176,\"caption\":\"Toulouse Triathlon\"},\"image\":{\"@id\":\"https:\\\/\\\/www.toulouse-tri.com\\\/#\\\/schema\\\/logo\\\/image\\\/\"}},{\"@type\":\"Person\",\"@id\":\"https:\\\/\\\/www.toulouse-tri.com\\\/#\\\/schema\\\/person\\\/e6c53339838d167d1f6fd4378df9b2b1\",\"name\":\"Franck DEBREILLY\",\"image\":{\"@type\":\"ImageObject\",\"inLanguage\":\"fr-FR\",\"@id\":\"https:\\\/\\\/secure.gravatar.com\\\/avatar\\\/ab429b01a2537e09b4b6629abbe097c5f0d6b5653008dc71b5d257fcec8d88e0?s=96&d=wavatar&r=g\",\"url\":\"https:\\\/\\\/secure.gravatar.com\\\/avatar\\\/ab429b01a2537e09b4b6629abbe097c5f0d6b5653008dc71b5d257fcec8d88e0?s=96&d=wavatar&r=g\",\"contentUrl\":\"https:\\\/\\\/secure.gravatar.com\\\/avatar\\\/ab429b01a2537e09b4b6629abbe097c5f0d6b5653008dc71b5d257fcec8d88e0?s=96&d=wavatar&r=g\",\"caption\":\"Franck DEBREILLY\"},\"description\":\"Quand je ne m'entra\u00eene pas, je fais des jeux de soci\u00e9t\u00e9, et des voyages, \u00e0 pied de pr\u00e9f\u00e9rence (du genre http:\\\/\\\/gr10fk.free.fr)\",\"url\":\"https:\\\/\\\/www.toulouse-tri.com\\\/?author=601\"}]}<\/script>\n<!-- \/ Yoast SEO plugin. -->","yoast_head_json":{"title":"Une course club... caliente ! - Toulouse Triathlon","robots":{"index":"index","follow":"follow","max-snippet":"max-snippet:-1","max-image-preview":"max-image-preview:large","max-video-preview":"max-video-preview:-1"},"canonical":"https:\/\/www.toulouse-tri.com\/?p=8188","og_locale":"fr_FR","og_type":"article","og_title":"Une course club... caliente ! - Toulouse Triathlon","og_description":"La reprise de la saison s'est faite avec la course club au triathlon de la Montagne Noire","og_url":"https:\/\/www.toulouse-tri.com\/?p=8188","og_site_name":"Toulouse Triathlon","article_published_time":"2020-08-10T13:00:00+00:00","article_modified_time":"2020-08-24T15:54:02+00:00","og_image":[{"url":"https:\/\/www.toulouse-tri.com\/wp-content\/uploads\/2020\/08\/2020-08-09-M-de-la-Montagne-Noire-1024x768.jpg","type":"","width":"","height":""}],"author":"Franck DEBREILLY","twitter_card":"summary_large_image","twitter_misc":{"\u00c9crit par":"Franck DEBREILLY","Dur\u00e9e de lecture estim\u00e9e":"6 minutes"},"schema":{"@context":"https:\/\/schema.org","@graph":[{"@type":"Article","@id":"https:\/\/www.toulouse-tri.com\/?p=8188#article","isPartOf":{"@id":"https:\/\/www.toulouse-tri.com\/?p=8188"},"author":{"name":"Franck DEBREILLY","@id":"https:\/\/www.toulouse-tri.com\/#\/schema\/person\/e6c53339838d167d1f6fd4378df9b2b1"},"headline":"Une course club&#8230; caliente !","datePublished":"2020-08-10T13:00:00+00:00","dateModified":"2020-08-24T15:54:02+00:00","mainEntityOfPage":{"@id":"https:\/\/www.toulouse-tri.com\/?p=8188"},"wordCount":1332,"commentCount":2,"publisher":{"@id":"https:\/\/www.toulouse-tri.com\/#organization"},"image":{"@id":"https:\/\/www.toulouse-tri.com\/?p=8188#primaryimage"},"thumbnailUrl":"https:\/\/www.toulouse-tri.com\/wp-content\/uploads\/2020\/08\/2020-08-09-M-de-la-Montagne-Noire-1024x768.jpg","keywords":["Club","Triathlon"],"articleSection":["Compte-rendus","La vie du club"],"inLanguage":"fr-FR","potentialAction":[{"@type":"CommentAction","name":"Comment","target":["https:\/\/www.toulouse-tri.com\/?p=8188#respond"]}]},{"@type":"WebPage","@id":"https:\/\/www.toulouse-tri.com\/?p=8188","url":"https:\/\/www.toulouse-tri.com\/?p=8188","name":"Une course club... caliente ! - Toulouse Triathlon","isPartOf":{"@id":"https:\/\/www.toulouse-tri.com\/#website"},"primaryImageOfPage":{"@id":"https:\/\/www.toulouse-tri.com\/?p=8188#primaryimage"},"image":{"@id":"https:\/\/www.toulouse-tri.com\/?p=8188#primaryimage"},"thumbnailUrl":"https:\/\/www.toulouse-tri.com\/wp-content\/uploads\/2020\/08\/2020-08-09-M-de-la-Montagne-Noire-1024x768.jpg","datePublished":"2020-08-10T13:00:00+00:00","dateModified":"2020-08-24T15:54:02+00:00","breadcrumb":{"@id":"https:\/\/www.toulouse-tri.com\/?p=8188#breadcrumb"},"inLanguage":"fr-FR","potentialAction":[{"@type":"ReadAction","target":["https:\/\/www.toulouse-tri.com\/?p=8188"]}]},{"@type":"ImageObject","inLanguage":"fr-FR","@id":"https:\/\/www.toulouse-tri.com\/?p=8188#primaryimage","url":"https:\/\/www.toulouse-tri.com\/wp-content\/uploads\/2020\/08\/2020-08-09-M-de-la-Montagne-Noire-1024x768.jpg","contentUrl":"https:\/\/www.toulouse-tri.com\/wp-content\/uploads\/2020\/08\/2020-08-09-M-de-la-Montagne-Noire-1024x768.jpg"},{"@type":"BreadcrumbList","@id":"https:\/\/www.toulouse-tri.com\/?p=8188#breadcrumb","itemListElement":[{"@type":"ListItem","position":1,"name":"Accueil","item":"https:\/\/www.toulouse-tri.com\/"},{"@type":"ListItem","position":2,"name":"Une course club&#8230; caliente !"}]},{"@type":"WebSite","@id":"https:\/\/www.toulouse-tri.com\/#website","url":"https:\/\/www.toulouse-tri.com\/","name":"Toulouse Triathlon","description":"Power Meuh","publisher":{"@id":"https:\/\/www.toulouse-tri.com\/#organization"},"potentialAction":[{"@type":"SearchAction","target":{"@type":"EntryPoint","urlTemplate":"https:\/\/www.toulouse-tri.com\/?s={search_term_string}"},"query-input":{"@type":"PropertyValueSpecification","valueRequired":true,"valueName":"search_term_string"}}],"inLanguage":"fr-FR"},{"@type":"Organization","@id":"https:\/\/www.toulouse-tri.com\/#organization","name":"Toulouse Triathlon","url":"https:\/\/www.toulouse-tri.com\/","logo":{"@type":"ImageObject","inLanguage":"fr-FR","@id":"https:\/\/www.toulouse-tri.com\/#\/schema\/logo\/image\/","url":"https:\/\/www.toulouse-tri.com\/wp-content\/uploads\/2015\/03\/pwrmeuh.gif","contentUrl":"https:\/\/www.toulouse-tri.com\/wp-content\/uploads\/2015\/03\/pwrmeuh.gif","width":224,"height":176,"caption":"Toulouse Triathlon"},"image":{"@id":"https:\/\/www.toulouse-tri.com\/#\/schema\/logo\/image\/"}},{"@type":"Person","@id":"https:\/\/www.toulouse-tri.com\/#\/schema\/person\/e6c53339838d167d1f6fd4378df9b2b1","name":"Franck DEBREILLY","image":{"@type":"ImageObject","inLanguage":"fr-FR","@id":"https:\/\/secure.gravatar.com\/avatar\/ab429b01a2537e09b4b6629abbe097c5f0d6b5653008dc71b5d257fcec8d88e0?s=96&d=wavatar&r=g","url":"https:\/\/secure.gravatar.com\/avatar\/ab429b01a2537e09b4b6629abbe097c5f0d6b5653008dc71b5d257fcec8d88e0?s=96&d=wavatar&r=g","contentUrl":"https:\/\/secure.gravatar.com\/avatar\/ab429b01a2537e09b4b6629abbe097c5f0d6b5653008dc71b5d257fcec8d88e0?s=96&d=wavatar&r=g","caption":"Franck DEBREILLY"},"description":"Quand je ne m'entra\u00eene pas, je fais des jeux de soci\u00e9t\u00e9, et des voyages, \u00e0 pied de pr\u00e9f\u00e9rence (du genre http:\/\/gr10fk.free.fr)","url":"https:\/\/www.toulouse-tri.com\/?author=601"}]}},"_links":{"self":[{"href":"https:\/\/www.toulouse-tri.com\/index.php?rest_route=\/wp\/v2\/posts\/8188","targetHints":{"allow":["GET"]}}],"collection":[{"href":"https:\/\/www.toulouse-tri.com\/index.php?rest_route=\/wp\/v2\/posts"}],"about":[{"href":"https:\/\/www.toulouse-tri.com\/index.php?rest_route=\/wp\/v2\/types\/post"}],"author":[{"embeddable":true,"href":"https:\/\/www.toulouse-tri.com\/index.php?rest_route=\/wp\/v2\/users\/601"}],"replies":[{"embeddable":true,"href":"https:\/\/www.toulouse-tri.com\/index.php?rest_route=%2Fwp%2Fv2%2Fcomments&post=8188"}],"version-history":[{"count":12,"href":"https:\/\/www.toulouse-tri.com\/index.php?rest_route=\/wp\/v2\/posts\/8188\/revisions"}],"predecessor-version":[{"id":8235,"href":"https:\/\/www.toulouse-tri.com\/index.php?rest_route=\/wp\/v2\/posts\/8188\/revisions\/8235"}],"wp:attachment":[{"href":"https:\/\/www.toulouse-tri.com\/index.php?rest_route=%2Fwp%2Fv2%2Fmedia&parent=8188"}],"wp:term":[{"taxonomy":"category","embeddable":true,"href":"https:\/\/www.toulouse-tri.com\/index.php?rest_route=%2Fwp%2Fv2%2Fcategories&post=8188"},{"taxonomy":"post_tag","embeddable":true,"href":"https:\/\/www.toulouse-tri.com\/index.php?rest_route=%2Fwp%2Fv2%2Ftags&post=8188"}],"curies":[{"name":"wp","href":"https:\/\/api.w.org\/{rel}","templated":true}]}}