{"id":6972,"date":"2019-08-26T08:00:24","date_gmt":"2019-08-26T06:00:24","guid":{"rendered":"http:\/\/www.toulouse-tri.com\/?p=6972"},"modified":"2019-09-16T22:47:10","modified_gmt":"2019-09-16T20:47:10","slug":"philippe-coupe-la-france-en-deux","status":"publish","type":"post","link":"https:\/\/www.toulouse-tri.com\/?p=6972","title":{"rendered":"Philippe coupe la France en deux"},"content":{"rendered":"\n<div class=\"wp-block-file aligncenter\"><a href=\"https:\/\/www.toulouse-tri.com\/wp-content\/uploads\/2019\/09\/French-Divide-by-Philippe.pdf\">Son r\u00e9cit complet, par Philippe lui-m\u00eame<\/a><a href=\"https:\/\/www.toulouse-tri.com\/wp-content\/uploads\/2019\/09\/French-Divide-by-Philippe.pdf\" class=\"wp-block-file__button\" download>T\u00e9l\u00e9charger<\/a><\/div>\n\n\n\n<p>&#8220;<em>Ce n&#8217;est PAS une course, c&#8217;est un brevet.<\/em>&#8220;<br>Le site de l&#8217;organisateur annonce d&#8217;entr\u00e9e la couleur : la <a href=\"http:\/\/www.frenchdivide.com\/\">French Divide<\/a> n&#8217;est peut-\u00eatre pas une course, mais c&#8217;est certainement une folle aventure.  Relier la fronti\u00e8re franco-belge \u00e0 la fronti\u00e8re franco-espagnole en VTT, sans assistance, avec juste un trac\u00e9 GPS, quelques points de passage oblig\u00e9s et un suivi par les organisateurs.<br>Pour le reste, les chiffres donnent \u00e0 eux seuls le tournis : 2 275 km de route et de chemins \u00e0 parcourir, 32 000 m\u00e8tres de d\u00e9nivel\u00e9 \u00e0 gravir, et 15 jours pour faire la travers\u00e9e, apr\u00e8s quoi l&#8217;organisateur plie bagage et ne suit plus les participants&#8230;<\/p>\n\n\n\n<figure class=\"wp-block-image\"><a href=\"https:\/\/www.toulouse-tri.com\/wp-content\/uploads\/2019\/08\/68486215_2519635784767369_657816400781377536_n.jpg\"><img loading=\"lazy\" decoding=\"async\" width=\"960\" height=\"640\" src=\"https:\/\/www.toulouse-tri.com\/wp-content\/uploads\/2019\/08\/68486215_2519635784767369_657816400781377536_n.jpg\" alt=\"Philippe en pause sur la French Divide\" class=\"wp-image-6976\" srcset=\"https:\/\/www.toulouse-tri.com\/wp-content\/uploads\/2019\/08\/68486215_2519635784767369_657816400781377536_n.jpg 960w, https:\/\/www.toulouse-tri.com\/wp-content\/uploads\/2019\/08\/68486215_2519635784767369_657816400781377536_n-400x267.jpg 400w, https:\/\/www.toulouse-tri.com\/wp-content\/uploads\/2019\/08\/68486215_2519635784767369_657816400781377536_n-300x200.jpg 300w, https:\/\/www.toulouse-tri.com\/wp-content\/uploads\/2019\/08\/68486215_2519635784767369_657816400781377536_n-768x512.jpg 768w\" sizes=\"auto, (max-width: 960px) 100vw, 960px\" \/><\/a><figcaption>&#8220;<em>Heu, quand tu dis qu&#8217;il reste encore 2 000 km, tu veux dire quoi, exactement ?<\/em>&#8220;<\/figcaption><\/figure>\n\n\n\n<p>C&#8217;est <a href=\"https:\/\/www.toulouse-tri.com\/?page_id=268&amp;um_user=459\">Bastien<\/a> les bons tuyaux qui avait rep\u00e9r\u00e9 la chose, mais qui, en plein <a href=\"https:\/\/www.toulouse-tri.com\/?p=6738\">transfert vers sa nouvelle vie<\/a>, ne sera finalement pas inscrit. Mais entre temps, il aura eu le temps de convaincre <a href=\"https:\/\/www.toulouse-tri.com\/?page_id=268&amp;um_user=8\">Philippe<\/a>, alias <em>Duromal<\/em>, alias <em>le Guerrier Ultime<\/em>, alias <em>la Vachette Increvable<\/em>, l&#8217;homme qui sait rouler cent bornes avec un p\u00e9dalier cass\u00e9, qui monte toutes les c\u00f4tes sur le grand plateau, qui ne g\u00e9mit jamais m\u00eame pendant les plus longues sorties et qui est capable de prendre son v\u00e9lo pour aller de Fronton \u00e0 Auch courir le semi-marathon, puis de revenir avec le m\u00eame moyen de transport (\u00e0 moins de 100 km, \u00e7a ne compte pas comme une sortie, c&#8217;est une balade ou un trajet).<\/p>\n\n\n\n<p>Flo-le-roi-des-bons-mots avait trouv\u00e9 <a href=\"https:\/\/www.facebook.com\/TOULOUSETRIATHLON\/\">la bonne formule<\/a> : en juillet, toute la France avait vibr\u00e9 en regardant Julian Alaphilippe dans ses exploits sur le Tour de France. En ao\u00fbt, ce sont toutes les vachettes qui ont vibr\u00e9 pendant une grosse semaine en suivant Philippe, <em>\u00e0 la Julian<\/em>, traverser la France de part en part.<\/p>\n\n\n\n<figure class=\"wp-block-image\"><a href=\"https:\/\/www.toulouse-tri.com\/wp-content\/uploads\/2019\/08\/20190819_141707.jpg\"><img loading=\"lazy\" decoding=\"async\" width=\"1024\" height=\"768\" src=\"https:\/\/www.toulouse-tri.com\/wp-content\/uploads\/2019\/08\/20190819_141707-1024x768.jpg\" alt=\"Philippe sur le parcours de la French Divide 2019\" class=\"wp-image-6973\" srcset=\"https:\/\/www.toulouse-tri.com\/wp-content\/uploads\/2019\/08\/20190819_141707-1024x768.jpg 1024w, https:\/\/www.toulouse-tri.com\/wp-content\/uploads\/2019\/08\/20190819_141707-scaled-400x300.jpg 400w, https:\/\/www.toulouse-tri.com\/wp-content\/uploads\/2019\/08\/20190819_141707-300x225.jpg 300w, https:\/\/www.toulouse-tri.com\/wp-content\/uploads\/2019\/08\/20190819_141707-768x576.jpg 768w\" sizes=\"auto, (max-width: 1024px) 100vw, 1024px\" \/><\/a><figcaption>Deux positions : \u00e0 bloc sur les prolongateurs, ou en relance dans les c\u00f4tes&#8230;<\/figcaption><\/figure>\n\n\n\n<p><a href=\"https:\/\/www.toulouse-tri.com\/?page_id=1944&amp;id=20190828035109\">143 heures et 45 minutes<\/a> de sortie Strava plus tard, le h\u00e9ros a boucl\u00e9 le p\u00e9riple.<\/p>\n\n\n\n<figure class=\"wp-block-image\"><a href=\"https:\/\/www.strava.com\/clubs\/toulouse-triathlon\"><img loading=\"lazy\" decoding=\"async\" width=\"838\" height=\"185\" src=\"https:\/\/www.toulouse-tri.com\/wp-content\/uploads\/2019\/08\/Semaine-de-80-heures.jpg\" alt=\"\" class=\"wp-image-6974\" srcset=\"https:\/\/www.toulouse-tri.com\/wp-content\/uploads\/2019\/08\/Semaine-de-80-heures.jpg 838w, https:\/\/www.toulouse-tri.com\/wp-content\/uploads\/2019\/08\/Semaine-de-80-heures-400x88.jpg 400w, https:\/\/www.toulouse-tri.com\/wp-content\/uploads\/2019\/08\/Semaine-de-80-heures-300x66.jpg 300w, https:\/\/www.toulouse-tri.com\/wp-content\/uploads\/2019\/08\/Semaine-de-80-heures-768x170.jpg 768w\" sizes=\"auto, (max-width: 838px) 100vw, 838px\" \/><\/a><figcaption>Une semaine de 80 heures ? Mais que fait Martine ?!?!?! Et la RTT, alors !<\/figcaption><\/figure>\n\n\n\n<p>Avec des tas d&#8217;anecdotes \u00e0 raconter&#8230; Quelques gal\u00e8res, comme le t\u00e9l\u00e9phone oubli\u00e9 sur le parcours apr\u00e8s avoir pris une photo, et qui oblige \u00e0 faire deux kilom\u00e8tres en arri\u00e8re pour aller le rechercher (heureusement qu&#8217;il a voulu refaire une autre photo \u00e0 peine plus loin et pas attendu le lendemain !), ou comme le soir o\u00f9, apr\u00e8s avoir roul\u00e9 bien (trop) longtemps \u00e0 la recherche d&#8217;un bon endroit pour dormir, il choisit finalement de s&#8217;arr\u00eater un peu \u00e0 l&#8217;arrache sous le toit d&#8217;une ancienne grange, sans pouvoir faire le brin de toilette et de lessive du soir, avant de d\u00e9couvrir un lavoir le lendemain matin apr\u00e8s seulement 400 m\u00e8tres de parcours&#8230;<\/p>\n\n\n\n<figure class=\"wp-block-image\"><a href=\"https:\/\/www.toulouse-tri.com\/wp-content\/uploads\/2019\/08\/67944036_2515628598501421_53723104500776960_n.jpg\"><img loading=\"lazy\" decoding=\"async\" width=\"960\" height=\"640\" src=\"https:\/\/www.toulouse-tri.com\/wp-content\/uploads\/2019\/08\/67944036_2515628598501421_53723104500776960_n.jpg\" alt=\"\" class=\"wp-image-6977\" srcset=\"https:\/\/www.toulouse-tri.com\/wp-content\/uploads\/2019\/08\/67944036_2515628598501421_53723104500776960_n.jpg 960w, https:\/\/www.toulouse-tri.com\/wp-content\/uploads\/2019\/08\/67944036_2515628598501421_53723104500776960_n-400x267.jpg 400w, https:\/\/www.toulouse-tri.com\/wp-content\/uploads\/2019\/08\/67944036_2515628598501421_53723104500776960_n-300x200.jpg 300w, https:\/\/www.toulouse-tri.com\/wp-content\/uploads\/2019\/08\/67944036_2515628598501421_53723104500776960_n-768x512.jpg 768w\" sizes=\"auto, (max-width: 960px) 100vw, 960px\" \/><\/a><figcaption>Pendant l&#8217;effort, un peu de r\u00e9confort&#8230;<\/figcaption><\/figure>\n\n\n\n<p>Mais aussi des bons moments, comme ces t\u00eates famili\u00e8res venues le rencontrer dans le P\u00e9rigord puis \u00e0 l&#8217;approche de la maison, ou cet habitant totalement inconnu, sur le parcours, qui l&#8217;interpelle d&#8217;un &#8220;<em>Ah, bah enfin, te voil\u00e0, toi !<\/em>&#8221; avant d&#8217;offrir \u00e0 un Philippe m\u00e9dus\u00e9 des fruits, du sirop, \u00e0 boire et \u00e0 manger pour un ravitaillement non officiel mais tr\u00e8s officieux, de la part d&#8217;un fan de l&#8217;\u00e9preuve qui arr\u00eatait tous les <em>Dividers<\/em> devant chez lui.<\/p>\n\n\n\n<div class=\"wp-block-media-text alignwide is-stacked-on-mobile\"><figure class=\"wp-block-media-text__media\"><img loading=\"lazy\" decoding=\"async\" width=\"640\" height=\"960\" src=\"http:\/\/www.toulouse-tri.com\/wp-content\/uploads\/2019\/08\/69568565_2535801699817444_6239656684365545472_n.jpg\" alt=\"\" class=\"wp-image-6978\" srcset=\"https:\/\/www.toulouse-tri.com\/wp-content\/uploads\/2019\/08\/69568565_2535801699817444_6239656684365545472_n.jpg 640w, https:\/\/www.toulouse-tri.com\/wp-content\/uploads\/2019\/08\/69568565_2535801699817444_6239656684365545472_n-400x600.jpg 400w, https:\/\/www.toulouse-tri.com\/wp-content\/uploads\/2019\/08\/69568565_2535801699817444_6239656684365545472_n-200x300.jpg 200w\" sizes=\"auto, (max-width: 640px) 100vw, 640px\" \/><\/figure><div class=\"wp-block-media-text__content\">\n<p>Bref, tout le club n&#8217;a pas fini de parler de cet exploit majuscule, ni d&#8217;en faire raconter tous les d\u00e9tails \u00e0 son protagoniste.<\/p>\n\n\n\n<p>Et si Julian Alaphillipe a \u00e9t\u00e9 \u00e9lu <em><a href=\"https:\/\/www.letour.fr\/fr\/classements\">Super Combatif<\/a><\/em> du Tour 2019, pas besoin de jury pour savoir que notre Philippe, \u00e0 la Julian, est le super combatif du club.<br>Alors, chapeau l&#8217;artiste, et bon anniversaire Philippe ! Deux bonnes raisons de boire un sacr\u00e9 coup \u00e0 ta sant\u00e9 !  <\/p>\n<\/div><\/div>\n\n\n\n<hr class=\"wp-block-separator\"\/>\n\n\n\n<p>Et parce que personne mieux que celui qui l&#8217;a v\u00e9cu de l&#8217;int\u00e9rieur ne saurait mieux relater cette folle aventure, voici le r\u00e9cit tr\u00e8s d\u00e9taill\u00e9 \u00e9crit par notre <em>Divider<\/em> en personne.<\/p>\n\n\n\n<p>Installez-vous confortablement au coin du feu ou en terrasse au soleil, prenez \u00e0 boire, et r\u00e9galez vous :<\/p>\n\n\n\n<div class=\"wp-block-file aligncenter\"><a href=\"https:\/\/www.toulouse-tri.com\/wp-content\/uploads\/2019\/09\/French-Divide-by-Philippe.pdf\">La French Divide by Philippe<\/a><a href=\"https:\/\/www.toulouse-tri.com\/wp-content\/uploads\/2019\/09\/French-Divide-by-Philippe.pdf\" class=\"wp-block-file__button\" download>T\u00e9l\u00e9charger<\/a><\/div>\n\n\n\n<p><br><\/p>\n","protected":false},"excerpt":{"rendered":"<p>Il l&#8217;a fait ! Philippe est venu \u00e0 bout de la French Divide, un brevet ultime de VTT consistant \u00e0 traverser la France en autonomie totale&#8230;<\/p>\n","protected":false},"author":601,"featured_media":6975,"comment_status":"open","ping_status":"open","sticky":false,"template":"","format":"standard","meta":{"footnotes":"","_links_to":"","_links_to_target":""},"categories":[84],"tags":[79],"class_list":["post-6972","post","type-post","status-publish","format-standard","has-post-thumbnail","hentry","category-compte-rendus","tag-cyclo"],"yoast_head":"<!-- This site is optimized with the Yoast SEO plugin v27.4 - https:\/\/yoast.com\/product\/yoast-seo-wordpress\/ -->\n<title>Philippe coupe la France en deux - Toulouse Triathlon<\/title>\n<meta name=\"robots\" content=\"index, follow, max-snippet:-1, max-image-preview:large, max-video-preview:-1\" \/>\n<link rel=\"canonical\" href=\"https:\/\/www.toulouse-tri.com\/?p=6972\" \/>\n<meta property=\"og:locale\" content=\"fr_FR\" \/>\n<meta property=\"og:type\" content=\"article\" \/>\n<meta property=\"og:title\" content=\"Philippe coupe la France en deux - Toulouse Triathlon\" \/>\n<meta property=\"og:description\" content=\"Il l&#039;a fait ! Philippe est venu \u00e0 bout de la French Divide, un brevet ultime de VTT consistant \u00e0 traverser la France en autonomie totale...\" \/>\n<meta property=\"og:url\" content=\"https:\/\/www.toulouse-tri.com\/?p=6972\" \/>\n<meta property=\"og:site_name\" content=\"Toulouse Triathlon\" \/>\n<meta property=\"article:published_time\" content=\"2019-08-26T06:00:24+00:00\" \/>\n<meta property=\"article:modified_time\" content=\"2019-09-16T20:47:10+00:00\" \/>\n<meta property=\"og:image\" content=\"https:\/\/www.toulouse-tri.com\/wp-content\/uploads\/2019\/08\/Capture-1.jpg\" \/>\n\t<meta property=\"og:image:width\" content=\"200\" \/>\n\t<meta property=\"og:image:height\" content=\"176\" \/>\n\t<meta property=\"og:image:type\" content=\"image\/jpeg\" \/>\n<meta name=\"author\" content=\"Franck DEBREILLY\" \/>\n<meta name=\"twitter:card\" content=\"summary_large_image\" \/>\n<meta name=\"twitter:label1\" content=\"\u00c9crit par\" \/>\n\t<meta name=\"twitter:data1\" content=\"Franck DEBREILLY\" \/>\n\t<meta name=\"twitter:label2\" content=\"Dur\u00e9e de lecture estim\u00e9e\" \/>\n\t<meta name=\"twitter:data2\" content=\"3 minutes\" \/>\n<script type=\"application\/ld+json\" class=\"yoast-schema-graph\">{\"@context\":\"https:\\\/\\\/schema.org\",\"@graph\":[{\"@type\":\"Article\",\"@id\":\"https:\\\/\\\/www.toulouse-tri.com\\\/?p=6972#article\",\"isPartOf\":{\"@id\":\"https:\\\/\\\/www.toulouse-tri.com\\\/?p=6972\"},\"author\":{\"name\":\"Franck DEBREILLY\",\"@id\":\"https:\\\/\\\/www.toulouse-tri.com\\\/#\\\/schema\\\/person\\\/e6c53339838d167d1f6fd4378df9b2b1\"},\"headline\":\"Philippe coupe la France en deux\",\"datePublished\":\"2019-08-26T06:00:24+00:00\",\"dateModified\":\"2019-09-16T20:47:10+00:00\",\"mainEntityOfPage\":{\"@id\":\"https:\\\/\\\/www.toulouse-tri.com\\\/?p=6972\"},\"wordCount\":706,\"commentCount\":4,\"publisher\":{\"@id\":\"https:\\\/\\\/www.toulouse-tri.com\\\/#organization\"},\"image\":{\"@id\":\"https:\\\/\\\/www.toulouse-tri.com\\\/?p=6972#primaryimage\"},\"thumbnailUrl\":\"https:\\\/\\\/www.toulouse-tri.com\\\/wp-content\\\/uploads\\\/2019\\\/08\\\/Capture-1.jpg\",\"keywords\":[\"Cyclo\"],\"articleSection\":[\"Compte-rendus\"],\"inLanguage\":\"fr-FR\",\"potentialAction\":[{\"@type\":\"CommentAction\",\"name\":\"Comment\",\"target\":[\"https:\\\/\\\/www.toulouse-tri.com\\\/?p=6972#respond\"]}]},{\"@type\":\"WebPage\",\"@id\":\"https:\\\/\\\/www.toulouse-tri.com\\\/?p=6972\",\"url\":\"https:\\\/\\\/www.toulouse-tri.com\\\/?p=6972\",\"name\":\"Philippe coupe la France en deux - Toulouse Triathlon\",\"isPartOf\":{\"@id\":\"https:\\\/\\\/www.toulouse-tri.com\\\/#website\"},\"primaryImageOfPage\":{\"@id\":\"https:\\\/\\\/www.toulouse-tri.com\\\/?p=6972#primaryimage\"},\"image\":{\"@id\":\"https:\\\/\\\/www.toulouse-tri.com\\\/?p=6972#primaryimage\"},\"thumbnailUrl\":\"https:\\\/\\\/www.toulouse-tri.com\\\/wp-content\\\/uploads\\\/2019\\\/08\\\/Capture-1.jpg\",\"datePublished\":\"2019-08-26T06:00:24+00:00\",\"dateModified\":\"2019-09-16T20:47:10+00:00\",\"breadcrumb\":{\"@id\":\"https:\\\/\\\/www.toulouse-tri.com\\\/?p=6972#breadcrumb\"},\"inLanguage\":\"fr-FR\",\"potentialAction\":[{\"@type\":\"ReadAction\",\"target\":[\"https:\\\/\\\/www.toulouse-tri.com\\\/?p=6972\"]}]},{\"@type\":\"ImageObject\",\"inLanguage\":\"fr-FR\",\"@id\":\"https:\\\/\\\/www.toulouse-tri.com\\\/?p=6972#primaryimage\",\"url\":\"https:\\\/\\\/www.toulouse-tri.com\\\/wp-content\\\/uploads\\\/2019\\\/08\\\/Capture-1.jpg\",\"contentUrl\":\"https:\\\/\\\/www.toulouse-tri.com\\\/wp-content\\\/uploads\\\/2019\\\/08\\\/Capture-1.jpg\",\"width\":200,\"height\":176},{\"@type\":\"BreadcrumbList\",\"@id\":\"https:\\\/\\\/www.toulouse-tri.com\\\/?p=6972#breadcrumb\",\"itemListElement\":[{\"@type\":\"ListItem\",\"position\":1,\"name\":\"Accueil\",\"item\":\"https:\\\/\\\/www.toulouse-tri.com\\\/\"},{\"@type\":\"ListItem\",\"position\":2,\"name\":\"Philippe coupe la France en deux\"}]},{\"@type\":\"WebSite\",\"@id\":\"https:\\\/\\\/www.toulouse-tri.com\\\/#website\",\"url\":\"https:\\\/\\\/www.toulouse-tri.com\\\/\",\"name\":\"Toulouse Triathlon\",\"description\":\"Power Meuh\",\"publisher\":{\"@id\":\"https:\\\/\\\/www.toulouse-tri.com\\\/#organization\"},\"potentialAction\":[{\"@type\":\"SearchAction\",\"target\":{\"@type\":\"EntryPoint\",\"urlTemplate\":\"https:\\\/\\\/www.toulouse-tri.com\\\/?s={search_term_string}\"},\"query-input\":{\"@type\":\"PropertyValueSpecification\",\"valueRequired\":true,\"valueName\":\"search_term_string\"}}],\"inLanguage\":\"fr-FR\"},{\"@type\":\"Organization\",\"@id\":\"https:\\\/\\\/www.toulouse-tri.com\\\/#organization\",\"name\":\"Toulouse Triathlon\",\"url\":\"https:\\\/\\\/www.toulouse-tri.com\\\/\",\"logo\":{\"@type\":\"ImageObject\",\"inLanguage\":\"fr-FR\",\"@id\":\"https:\\\/\\\/www.toulouse-tri.com\\\/#\\\/schema\\\/logo\\\/image\\\/\",\"url\":\"https:\\\/\\\/www.toulouse-tri.com\\\/wp-content\\\/uploads\\\/2015\\\/03\\\/pwrmeuh.gif\",\"contentUrl\":\"https:\\\/\\\/www.toulouse-tri.com\\\/wp-content\\\/uploads\\\/2015\\\/03\\\/pwrmeuh.gif\",\"width\":224,\"height\":176,\"caption\":\"Toulouse Triathlon\"},\"image\":{\"@id\":\"https:\\\/\\\/www.toulouse-tri.com\\\/#\\\/schema\\\/logo\\\/image\\\/\"}},{\"@type\":\"Person\",\"@id\":\"https:\\\/\\\/www.toulouse-tri.com\\\/#\\\/schema\\\/person\\\/e6c53339838d167d1f6fd4378df9b2b1\",\"name\":\"Franck DEBREILLY\",\"image\":{\"@type\":\"ImageObject\",\"inLanguage\":\"fr-FR\",\"@id\":\"https:\\\/\\\/secure.gravatar.com\\\/avatar\\\/ab429b01a2537e09b4b6629abbe097c5f0d6b5653008dc71b5d257fcec8d88e0?s=96&d=wavatar&r=g\",\"url\":\"https:\\\/\\\/secure.gravatar.com\\\/avatar\\\/ab429b01a2537e09b4b6629abbe097c5f0d6b5653008dc71b5d257fcec8d88e0?s=96&d=wavatar&r=g\",\"contentUrl\":\"https:\\\/\\\/secure.gravatar.com\\\/avatar\\\/ab429b01a2537e09b4b6629abbe097c5f0d6b5653008dc71b5d257fcec8d88e0?s=96&d=wavatar&r=g\",\"caption\":\"Franck DEBREILLY\"},\"description\":\"Quand je ne m'entra\u00eene pas, je fais des jeux de soci\u00e9t\u00e9, et des voyages, \u00e0 pied de pr\u00e9f\u00e9rence (du genre http:\\\/\\\/gr10fk.free.fr)\",\"url\":\"https:\\\/\\\/www.toulouse-tri.com\\\/?author=601\"}]}<\/script>\n<!-- \/ Yoast SEO plugin. -->","yoast_head_json":{"title":"Philippe coupe la France en deux - Toulouse Triathlon","robots":{"index":"index","follow":"follow","max-snippet":"max-snippet:-1","max-image-preview":"max-image-preview:large","max-video-preview":"max-video-preview:-1"},"canonical":"https:\/\/www.toulouse-tri.com\/?p=6972","og_locale":"fr_FR","og_type":"article","og_title":"Philippe coupe la France en deux - Toulouse Triathlon","og_description":"Il l'a fait ! Philippe est venu \u00e0 bout de la French Divide, un brevet ultime de VTT consistant \u00e0 traverser la France en autonomie totale...","og_url":"https:\/\/www.toulouse-tri.com\/?p=6972","og_site_name":"Toulouse Triathlon","article_published_time":"2019-08-26T06:00:24+00:00","article_modified_time":"2019-09-16T20:47:10+00:00","og_image":[{"width":200,"height":176,"url":"https:\/\/www.toulouse-tri.com\/wp-content\/uploads\/2019\/08\/Capture-1.jpg","type":"image\/jpeg"}],"author":"Franck DEBREILLY","twitter_card":"summary_large_image","twitter_misc":{"\u00c9crit par":"Franck DEBREILLY","Dur\u00e9e de lecture estim\u00e9e":"3 minutes"},"schema":{"@context":"https:\/\/schema.org","@graph":[{"@type":"Article","@id":"https:\/\/www.toulouse-tri.com\/?p=6972#article","isPartOf":{"@id":"https:\/\/www.toulouse-tri.com\/?p=6972"},"author":{"name":"Franck DEBREILLY","@id":"https:\/\/www.toulouse-tri.com\/#\/schema\/person\/e6c53339838d167d1f6fd4378df9b2b1"},"headline":"Philippe coupe la France en deux","datePublished":"2019-08-26T06:00:24+00:00","dateModified":"2019-09-16T20:47:10+00:00","mainEntityOfPage":{"@id":"https:\/\/www.toulouse-tri.com\/?p=6972"},"wordCount":706,"commentCount":4,"publisher":{"@id":"https:\/\/www.toulouse-tri.com\/#organization"},"image":{"@id":"https:\/\/www.toulouse-tri.com\/?p=6972#primaryimage"},"thumbnailUrl":"https:\/\/www.toulouse-tri.com\/wp-content\/uploads\/2019\/08\/Capture-1.jpg","keywords":["Cyclo"],"articleSection":["Compte-rendus"],"inLanguage":"fr-FR","potentialAction":[{"@type":"CommentAction","name":"Comment","target":["https:\/\/www.toulouse-tri.com\/?p=6972#respond"]}]},{"@type":"WebPage","@id":"https:\/\/www.toulouse-tri.com\/?p=6972","url":"https:\/\/www.toulouse-tri.com\/?p=6972","name":"Philippe coupe la France en deux - Toulouse Triathlon","isPartOf":{"@id":"https:\/\/www.toulouse-tri.com\/#website"},"primaryImageOfPage":{"@id":"https:\/\/www.toulouse-tri.com\/?p=6972#primaryimage"},"image":{"@id":"https:\/\/www.toulouse-tri.com\/?p=6972#primaryimage"},"thumbnailUrl":"https:\/\/www.toulouse-tri.com\/wp-content\/uploads\/2019\/08\/Capture-1.jpg","datePublished":"2019-08-26T06:00:24+00:00","dateModified":"2019-09-16T20:47:10+00:00","breadcrumb":{"@id":"https:\/\/www.toulouse-tri.com\/?p=6972#breadcrumb"},"inLanguage":"fr-FR","potentialAction":[{"@type":"ReadAction","target":["https:\/\/www.toulouse-tri.com\/?p=6972"]}]},{"@type":"ImageObject","inLanguage":"fr-FR","@id":"https:\/\/www.toulouse-tri.com\/?p=6972#primaryimage","url":"https:\/\/www.toulouse-tri.com\/wp-content\/uploads\/2019\/08\/Capture-1.jpg","contentUrl":"https:\/\/www.toulouse-tri.com\/wp-content\/uploads\/2019\/08\/Capture-1.jpg","width":200,"height":176},{"@type":"BreadcrumbList","@id":"https:\/\/www.toulouse-tri.com\/?p=6972#breadcrumb","itemListElement":[{"@type":"ListItem","position":1,"name":"Accueil","item":"https:\/\/www.toulouse-tri.com\/"},{"@type":"ListItem","position":2,"name":"Philippe coupe la France en deux"}]},{"@type":"WebSite","@id":"https:\/\/www.toulouse-tri.com\/#website","url":"https:\/\/www.toulouse-tri.com\/","name":"Toulouse Triathlon","description":"Power Meuh","publisher":{"@id":"https:\/\/www.toulouse-tri.com\/#organization"},"potentialAction":[{"@type":"SearchAction","target":{"@type":"EntryPoint","urlTemplate":"https:\/\/www.toulouse-tri.com\/?s={search_term_string}"},"query-input":{"@type":"PropertyValueSpecification","valueRequired":true,"valueName":"search_term_string"}}],"inLanguage":"fr-FR"},{"@type":"Organization","@id":"https:\/\/www.toulouse-tri.com\/#organization","name":"Toulouse Triathlon","url":"https:\/\/www.toulouse-tri.com\/","logo":{"@type":"ImageObject","inLanguage":"fr-FR","@id":"https:\/\/www.toulouse-tri.com\/#\/schema\/logo\/image\/","url":"https:\/\/www.toulouse-tri.com\/wp-content\/uploads\/2015\/03\/pwrmeuh.gif","contentUrl":"https:\/\/www.toulouse-tri.com\/wp-content\/uploads\/2015\/03\/pwrmeuh.gif","width":224,"height":176,"caption":"Toulouse Triathlon"},"image":{"@id":"https:\/\/www.toulouse-tri.com\/#\/schema\/logo\/image\/"}},{"@type":"Person","@id":"https:\/\/www.toulouse-tri.com\/#\/schema\/person\/e6c53339838d167d1f6fd4378df9b2b1","name":"Franck DEBREILLY","image":{"@type":"ImageObject","inLanguage":"fr-FR","@id":"https:\/\/secure.gravatar.com\/avatar\/ab429b01a2537e09b4b6629abbe097c5f0d6b5653008dc71b5d257fcec8d88e0?s=96&d=wavatar&r=g","url":"https:\/\/secure.gravatar.com\/avatar\/ab429b01a2537e09b4b6629abbe097c5f0d6b5653008dc71b5d257fcec8d88e0?s=96&d=wavatar&r=g","contentUrl":"https:\/\/secure.gravatar.com\/avatar\/ab429b01a2537e09b4b6629abbe097c5f0d6b5653008dc71b5d257fcec8d88e0?s=96&d=wavatar&r=g","caption":"Franck DEBREILLY"},"description":"Quand je ne m'entra\u00eene pas, je fais des jeux de soci\u00e9t\u00e9, et des voyages, \u00e0 pied de pr\u00e9f\u00e9rence (du genre http:\/\/gr10fk.free.fr)","url":"https:\/\/www.toulouse-tri.com\/?author=601"}]}},"_links":{"self":[{"href":"https:\/\/www.toulouse-tri.com\/index.php?rest_route=\/wp\/v2\/posts\/6972","targetHints":{"allow":["GET"]}}],"collection":[{"href":"https:\/\/www.toulouse-tri.com\/index.php?rest_route=\/wp\/v2\/posts"}],"about":[{"href":"https:\/\/www.toulouse-tri.com\/index.php?rest_route=\/wp\/v2\/types\/post"}],"author":[{"embeddable":true,"href":"https:\/\/www.toulouse-tri.com\/index.php?rest_route=\/wp\/v2\/users\/601"}],"replies":[{"embeddable":true,"href":"https:\/\/www.toulouse-tri.com\/index.php?rest_route=%2Fwp%2Fv2%2Fcomments&post=6972"}],"version-history":[{"count":13,"href":"https:\/\/www.toulouse-tri.com\/index.php?rest_route=\/wp\/v2\/posts\/6972\/revisions"}],"predecessor-version":[{"id":7163,"href":"https:\/\/www.toulouse-tri.com\/index.php?rest_route=\/wp\/v2\/posts\/6972\/revisions\/7163"}],"wp:featuredmedia":[{"embeddable":true,"href":"https:\/\/www.toulouse-tri.com\/index.php?rest_route=\/wp\/v2\/media\/6975"}],"wp:attachment":[{"href":"https:\/\/www.toulouse-tri.com\/index.php?rest_route=%2Fwp%2Fv2%2Fmedia&parent=6972"}],"wp:term":[{"taxonomy":"category","embeddable":true,"href":"https:\/\/www.toulouse-tri.com\/index.php?rest_route=%2Fwp%2Fv2%2Fcategories&post=6972"},{"taxonomy":"post_tag","embeddable":true,"href":"https:\/\/www.toulouse-tri.com\/index.php?rest_route=%2Fwp%2Fv2%2Ftags&post=6972"}],"curies":[{"name":"wp","href":"https:\/\/api.w.org\/{rel}","templated":true}]}}