{"id":6220,"date":"2019-03-02T21:07:00","date_gmt":"2019-03-02T20:07:00","guid":{"rendered":"http:\/\/www.toulouse-tri.com\/?p=6220"},"modified":"2019-10-11T14:22:00","modified_gmt":"2019-10-11T12:22:00","slug":"o-captain-my-captain","status":"publish","type":"post","link":"https:\/\/www.toulouse-tri.com\/?p=6220","title":{"rendered":"\u00d4 Captain, my captain"},"content":{"rendered":"\n<p>Enfin ! Que dire de plus \u00e0 part : <strong>Enfin !<\/strong> Tout s&#8217;est d\u00e9roul\u00e9 \u00e0 <a href=\"https:\/\/www.youtube.com\/watch?v=j64SctPKmqk&amp;t=116s\">Capitany<\/a>.<\/p>\n\n\n\n<h2 class=\"wp-block-heading\">Les heures de Capitany<\/h2>\n\n\n\n<p>Certains diront qu&#8217;il faut \u00eatre fou, d&#8217;autres qu&#8217;il faut \u00eatre barjot. Mais une chose est s\u00fbre, c&#8217;est que des fous et des barjots, on en trouve, et pas plus loin que dans le club.<\/p>\n\n\n\n<p>Imaginez courir, pendant 3h non stop, ou pire, pendant 6h non stop ! Et on couronne le tout sur un circuit de 1 km et 124 m. Et bien, c&#8217;est le d\u00e9fi que ce sont lanc\u00e9s nos belles vachettes <a rel=\"noreferrer noopener\" aria-label=\"Olivier (s\u2019ouvre dans un nouvel onglet)\" href=\"https:\/\/www.toulouse-tri.com\/?page_id=2155&amp;id=183\" target=\"_blank\">Olivier<\/a>, irr\u00e9ductible fan des longues \u00e9preuves, sur le <a rel=\"noreferrer noopener\" href=\"https:\/\/www.toulouse-tri.com\/?page_id=1944&amp;id=20190304090512\" target=\"_blank\">3h<\/a>, et sur le <a rel=\"noreferrer noopener\" href=\"https:\/\/www.toulouse-tri.com\/?page_id=1944&amp;id=20190304090900\" target=\"_blank\">6h<\/a> notre cher secr\u00e9taire <a rel=\"noreferrer noopener\" aria-label=\"Franck (s\u2019ouvre dans un nouvel onglet)\" href=\"https:\/\/www.toulouse-tri.com\/?page_id=2155&amp;id=601\" target=\"_blank\">Franck<\/a> ainsi qu&#8217;une nouvelle recrue : <a rel=\"noreferrer noopener\" aria-label=\"Justine (s\u2019ouvre dans un nouvel onglet)\" href=\"https:\/\/www.toulouse-tri.com\/?page_id=2155&amp;id=990\" target=\"_blank\">Justine<\/a>.<\/p>\n\n\n\n<p>On ne va pas refaire chaque seconde de la course, mais cela va se r\u00e9sumer en quelques chiffres : 32 tours pour <a rel=\"noreferrer noopener\" href=\"https:\/\/www.toulouse-tri.com\/?page_id=2155&amp;id=183\" target=\"_blank\">Olivier<\/a>, terminant malheureusement au pied du podium, \u00e0 quelques secondes du troisi\u00e8me.<\/p>\n\n\n\n<table class=\"wp-block-table\"><tbody><tr><td><figure class=\"wp-block-image\"><a href=\"https:\/\/www.toulouse-tri.com\/wp-content\/uploads\/2019\/03\/Capture-1-682x1024.jpg\"><img loading=\"lazy\" decoding=\"async\" width=\"682\" height=\"1024\" src=\"https:\/\/www.toulouse-tri.com\/wp-content\/uploads\/2019\/03\/Capture-1-682x1024.jpg\" alt=\"\" class=\"wp-image-6238\" srcset=\"https:\/\/www.toulouse-tri.com\/wp-content\/uploads\/2019\/03\/Capture-1-682x1024.jpg 682w, https:\/\/www.toulouse-tri.com\/wp-content\/uploads\/2019\/03\/Capture-1-400x600.jpg 400w, https:\/\/www.toulouse-tri.com\/wp-content\/uploads\/2019\/03\/Capture-1-200x300.jpg 200w, https:\/\/www.toulouse-tri.com\/wp-content\/uploads\/2019\/03\/Capture-1-768x1152.jpg 768w, https:\/\/www.toulouse-tri.com\/wp-content\/uploads\/2019\/03\/Capture-1.jpg 853w\" sizes=\"auto, (max-width: 682px) 100vw, 682px\" \/><figcaption>C&#8217;est parti pour 3 heures pour Olivier<\/figcaption><\/a><\/figure><\/td><td><figure class=\"wp-block-image\"><a href=\"https:\/\/www.toulouse-tri.com\/wp-content\/uploads\/2019\/03\/IMG_2618-682x1024.jpg\"><img loading=\"lazy\" decoding=\"async\" width=\"682\" height=\"1024\" src=\"https:\/\/www.toulouse-tri.com\/wp-content\/uploads\/2019\/03\/IMG_2618-682x1024.jpg\" alt=\"\" class=\"wp-image-6237\" srcset=\"https:\/\/www.toulouse-tri.com\/wp-content\/uploads\/2019\/03\/IMG_2618-682x1024.jpg 682w, https:\/\/www.toulouse-tri.com\/wp-content\/uploads\/2019\/03\/IMG_2618-400x600.jpg 400w, https:\/\/www.toulouse-tri.com\/wp-content\/uploads\/2019\/03\/IMG_2618-200x300.jpg 200w, https:\/\/www.toulouse-tri.com\/wp-content\/uploads\/2019\/03\/IMG_2618-768x1152.jpg 768w, https:\/\/www.toulouse-tri.com\/wp-content\/uploads\/2019\/03\/IMG_2618.jpg 853w\" sizes=\"auto, (max-width: 682px) 100vw, 682px\" \/><figcaption>La nuit tombe, la d\u00e9livrance approche&#8230;<\/figcaption><\/a><\/figure><\/td><\/tr><\/tbody><\/table>\n\n\n\n<p><a rel=\"noreferrer noopener\" href=\"https:\/\/www.toulouse-tri.com\/?page_id=2155&amp;id=990\" target=\"_blank\">Justine<\/a>, f\u00e9rue de course \u00e0 pied, est partie sur un rythme r\u00e9gulier et sans s&#8217;emballer pour tenir la distance, ou plut\u00f4t la dur\u00e9e. Parce que devant, c&#8217;est parti vite, tr\u00e8s vite, avec un <a rel=\"noreferrer noopener\" href=\"https:\/\/www.toulouse-tri.com\/?page_id=2155&amp;id=601\" target=\"_blank\">Franck<\/a> qui a annonc\u00e9 la couleur d\u00e8s les premiers hectom\u00e8tres : la gagne ou la gagne.<\/p>\n\n\n\n<p>Il a donc pr\u00e9f\u00e9r\u00e9 assurer le coup en creusant tr\u00e8s rapidement un \u00e9cart de 2 tours et demi sur le second. \u00c9cart qu&#8217;il arrivera \u00e0 maintenir jusqu&#8217;au bout pour terminer avec un total de 64 tours, soit 71,2 km, plus longue distance qu&#8217;il n&#8217;aura jamais parcouru \u00e0 pied.<\/p>\n\n\n\n<p><a rel=\"noreferrer noopener\" href=\"https:\/\/www.toulouse-tri.com\/?page_id=2155&amp;id=990\" target=\"_blank\">Justine<\/a> bouclera 51 fois le circuit pour un total de 56,5 km, d\u00e9passant largement son objectif de 50 km, ce qui lui permettra de terminer sur la troisi\u00e8me marche du podium !<br>Coup double \u00e9galement pour elle puisque pour son premier dossard en tant que vachette, elle s&#8217;offre 543 points au <a href=\"https:\/\/www.toulouse-tri.com\/?page_id=3679\">challenge interne<\/a> dont elle prend directement la t\u00eate chez les dames, avec plus de 200 points d&#8217;avance sur <a href=\"https:\/\/www.toulouse-tri.com\/?page_id=2155&amp;id=647\">Christelle<\/a> qui a pourtant d\u00e9j\u00e0 fait 7 courses. Boum !<\/p>\n\n\n\n<figure class=\"wp-block-image\"><a href=\"https:\/\/www.toulouse-tri.com\/wp-content\/uploads\/2019\/03\/Franck-et-Justine-avec-leurs-lots.jpg\"><img loading=\"lazy\" decoding=\"async\" width=\"1024\" height=\"768\" src=\"https:\/\/www.toulouse-tri.com\/wp-content\/uploads\/2019\/03\/Franck-et-Justine-avec-leurs-lots-1024x768.jpg\" alt=\"\" class=\"wp-image-6236\" srcset=\"https:\/\/www.toulouse-tri.com\/wp-content\/uploads\/2019\/03\/Franck-et-Justine-avec-leurs-lots-1024x768.jpg 1024w, https:\/\/www.toulouse-tri.com\/wp-content\/uploads\/2019\/03\/Franck-et-Justine-avec-leurs-lots-400x300.jpg 400w, https:\/\/www.toulouse-tri.com\/wp-content\/uploads\/2019\/03\/Franck-et-Justine-avec-leurs-lots-300x225.jpg 300w, https:\/\/www.toulouse-tri.com\/wp-content\/uploads\/2019\/03\/Franck-et-Justine-avec-leurs-lots-768x576.jpg 768w, https:\/\/www.toulouse-tri.com\/wp-content\/uploads\/2019\/03\/Franck-et-Justine-avec-leurs-lots.jpg 2048w\" sizes=\"auto, (max-width: 1024px) 100vw, 1024px\" \/><\/a><figcaption>M\u00eame avec 127, 7 km dans les pattes, deux vachettes tout heureuses sur le podium des 6 h de Capitany<\/figcaption><\/figure>\n\n\n\n<p>De son c\u00f4t\u00e9, notre bon <a href=\"https:\/\/www.toulouse-tri.com\/?page_id=2155&amp;id=601\">Francky<\/a> apporte donc la premi\u00e8re victoire au club de la saison 2018-2019 (et sa premi\u00e8re victoire en individuelle, &#8216;scusez du peu) ! Victoire tant attendue ! Donc maintenant, les vachettes, le <a rel=\"noreferrer noopener\" href=\"https:\/\/www.toulouse-tri.com\/?page_id=5848\" target=\"_blank\">compteur<\/a> est lanc\u00e9, il n&#8217;y a plus qu&#8217;\u00e0 !<\/p>\n\n\n\n<hr class=\"wp-block-separator\"\/>\n\n\n\n<p>Ceci \u00e9tant, les <a href=\"https:\/\/www.toulouse-tri.com\/?page_id=1944&amp;id=20190304090900\">6 heures de Capitany<\/a> n&#8217;\u00e9taient que le plat de r\u00e9sistance d&#8217;un week-end bien charg\u00e9.<\/p>\n\n\n\n<h2 class=\"wp-block-heading\">Dans le grand Nore<\/h2>\n\n\n\n<p>En entr\u00e9e, il y avait le fameux Black Moutain Trail, \u00e9preuve mythique de la r\u00e9gion, qui attire sans cesse plus de monde et dont l&#8217;ambiance n&#8217;est plus \u00e0 d\u00e9montrer.<br>Cette ann\u00e9e, les conditions m\u00e9t\u00e9o \u00e9taient relativement bonnes (rien \u00e0 voir avec les conditions dantesques connues par le pass\u00e9) m\u00eame si le brouillard \u00e9tait bien pr\u00e9sent sur le sommet du Pic de Nore, sans quoi l&#8217;\u00e9preuve ne serait plus tout \u00e0 fait la m\u00eame.<\/p>\n\n\n\n<p><a href=\"https:\/\/www.toulouse-tri.com\/?page_id=2155&amp;id=959\">Mathieu<\/a> s&#8217;est ainsi frott\u00e9 aux 18 km de l&#8217;<a href=\"https:\/\/www.toulouse-tri.com\/?page_id=1944&amp;id=20190304092034\">Ojectif Nore<\/a>, quand <a href=\"https:\/\/www.toulouse-tri.com\/?page_id=2155&amp;id=632\">St\u00e9phane<\/a>, <a href=\"https:\/\/www.toulouse-tri.com\/?page_id=2155&amp;id=806\">Fr\u00e9d\u00e9rique<\/a> et <a href=\"https:\/\/www.toulouse-tri.com\/?page_id=2155&amp;id=938\">Socrates<\/a> \u00e9taient align\u00e9s sur la <a href=\"https:\/\/www.toulouse-tri.com\/?page_id=1944&amp;id=20190304092133\">Black Race<\/a>, avec 33 km et 2 100 m de d\u00e9nivel\u00e9 \u00e0 avaler.<br>Mais tous ont pu profiter des ravitaillements plus que gourmands de l&#8217;\u00e9preuve : c&#8217;est pas tous les week-ends en effet qu&#8217;on nous propose des saucisses-ventr\u00e8che grill\u00e9es !<\/p>\n\n\n\n<h2 class=\"wp-block-heading\">Blagnac, cerise sur le g\u00e2teau<\/h2>\n\n\n\n<p>Et pour finir le week-end en beaut\u00e9, il y avait pas moins de 15 vachettes inscrites au <a href=\"https:\/\/www.toulouse-tri.com\/?page_id=1944&amp;id=20190304091502\">10<\/a> et au <a href=\"https:\/\/www.toulouse-tri.com\/?page_id=2155&amp;id=938\">semi<\/a> de Blagnac et qui auront pu c\u00e9l\u00e9brer les 50 ans du premier vol du Concorde en passant sous ses ailes au mus\u00e9e A\u00e9roscopia. Dont un certain <a href=\"https:\/\/www.toulouse-tri.com\/?page_id=2155&amp;id=601\">Franck<\/a>, visiblement pas rassasi\u00e9 de dossards&#8230;<\/p>\n\n\n\n<p>Mais, pour continuer avec les premi\u00e8res fois, il faut adresser une mention sp\u00e9ciale \u00e0 <a rel=\"noreferrer noopener\" aria-label=\"Jean-Pierre (s\u2019ouvre dans un nouvel onglet)\" href=\"https:\/\/www.toulouse-tri.com\/?page_id=2155&amp;id=73\" target=\"_blank\">Jean-Pierre<\/a> qui a d\u00e9couvert, \u00e0 presque 71 ans, les joies du podium lors du <a rel=\"noreferrer noopener\" aria-label=\"10km de Blagnac (s\u2019ouvre dans un nouvel onglet)\" href=\"https:\/\/www.toulouse-tri.com\/?page_id=1944&amp;id=20190304091502\" target=\"_blank\">10km de Blagnac<\/a> en l&#8217;emportant haut la main dans sa cat\u00e9gorie M4 !<\/p>\n\n\n\n<figure class=\"wp-block-image\"><a href=\"https:\/\/www.toulouse-tri.com\/wp-content\/uploads\/2019\/03\/Capture-2.jpg\"><img loading=\"lazy\" decoding=\"async\" width=\"1024\" height=\"683\" src=\"https:\/\/www.toulouse-tri.com\/wp-content\/uploads\/2019\/03\/Capture-2-1024x683.jpg\" alt=\"\" class=\"wp-image-6256\" srcset=\"https:\/\/www.toulouse-tri.com\/wp-content\/uploads\/2019\/03\/Capture-2-1024x683.jpg 1024w, https:\/\/www.toulouse-tri.com\/wp-content\/uploads\/2019\/03\/Capture-2-400x267.jpg 400w, https:\/\/www.toulouse-tri.com\/wp-content\/uploads\/2019\/03\/Capture-2-300x200.jpg 300w, https:\/\/www.toulouse-tri.com\/wp-content\/uploads\/2019\/03\/Capture-2-768x512.jpg 768w\" sizes=\"auto, (max-width: 1024px) 100vw, 1024px\" \/><\/a><figcaption>Jean-Pierre, doyen du club et plus rapide des M4, peut profiter des honneurs bien m\u00e9rit\u00e9s d&#8217;un podium tant attendu !<\/figcaption><\/figure>\n","protected":false},"excerpt":{"rendered":"<p>22 dossards, 3 beaux podiums, dont la premi\u00e8re victoire de la saison, c&#8217;\u00e9tait un gros week-end pour le Toulouse Triathlon<\/p>\n","protected":false},"author":1,"featured_media":6264,"comment_status":"open","ping_status":"open","sticky":false,"template":"","format":"standard","meta":{"footnotes":"","_links_to":"","_links_to_target":""},"categories":[84],"tags":[57,127,71],"class_list":["post-6220","post","type-post","status-publish","format-standard","has-post-thumbnail","hentry","category-compte-rendus","tag-course-a-pied","tag-podium","tag-trail"],"yoast_head":"<!-- This site is optimized with the Yoast SEO plugin v27.4 - https:\/\/yoast.com\/product\/yoast-seo-wordpress\/ -->\n<title>\u00d4 Captain, my captain - Toulouse Triathlon<\/title>\n<meta name=\"robots\" content=\"index, follow, max-snippet:-1, max-image-preview:large, max-video-preview:-1\" \/>\n<link rel=\"canonical\" href=\"https:\/\/www.toulouse-tri.com\/?p=6220\" \/>\n<meta property=\"og:locale\" content=\"fr_FR\" \/>\n<meta property=\"og:type\" content=\"article\" \/>\n<meta property=\"og:title\" content=\"\u00d4 Captain, my captain - Toulouse Triathlon\" \/>\n<meta property=\"og:description\" content=\"22 dossards, 3 beaux podiums, dont la premi\u00e8re victoire de la saison, c&#039;\u00e9tait un gros week-end pour le Toulouse Triathlon\" \/>\n<meta property=\"og:url\" content=\"https:\/\/www.toulouse-tri.com\/?p=6220\" \/>\n<meta property=\"og:site_name\" content=\"Toulouse Triathlon\" \/>\n<meta property=\"article:published_time\" content=\"2019-03-02T20:07:00+00:00\" \/>\n<meta property=\"article:modified_time\" content=\"2019-10-11T12:22:00+00:00\" \/>\n<meta property=\"og:image\" content=\"https:\/\/www.toulouse-tri.com\/wp-content\/uploads\/2019\/03\/Capture-3.jpg\" \/>\n\t<meta property=\"og:image:width\" content=\"239\" \/>\n\t<meta property=\"og:image:height\" content=\"200\" \/>\n\t<meta property=\"og:image:type\" content=\"image\/jpeg\" \/>\n<meta name=\"author\" content=\"Hugo CHARTON\" \/>\n<meta name=\"twitter:card\" content=\"summary_large_image\" \/>\n<meta name=\"twitter:label1\" content=\"\u00c9crit par\" \/>\n\t<meta name=\"twitter:data1\" content=\"Hugo CHARTON\" \/>\n\t<meta name=\"twitter:label2\" content=\"Dur\u00e9e de lecture estim\u00e9e\" \/>\n\t<meta name=\"twitter:data2\" content=\"3 minutes\" \/>\n<script type=\"application\/ld+json\" class=\"yoast-schema-graph\">{\"@context\":\"https:\\\/\\\/schema.org\",\"@graph\":[{\"@type\":\"Article\",\"@id\":\"https:\\\/\\\/www.toulouse-tri.com\\\/?p=6220#article\",\"isPartOf\":{\"@id\":\"https:\\\/\\\/www.toulouse-tri.com\\\/?p=6220\"},\"author\":{\"name\":\"Hugo CHARTON\",\"@id\":\"https:\\\/\\\/www.toulouse-tri.com\\\/#\\\/schema\\\/person\\\/bda84890d6cf464fef7b3e8ca558bc51\"},\"headline\":\"\u00d4 Captain, my captain\",\"datePublished\":\"2019-03-02T20:07:00+00:00\",\"dateModified\":\"2019-10-11T12:22:00+00:00\",\"mainEntityOfPage\":{\"@id\":\"https:\\\/\\\/www.toulouse-tri.com\\\/?p=6220\"},\"wordCount\":710,\"commentCount\":2,\"publisher\":{\"@id\":\"https:\\\/\\\/www.toulouse-tri.com\\\/#organization\"},\"image\":{\"@id\":\"https:\\\/\\\/www.toulouse-tri.com\\\/?p=6220#primaryimage\"},\"thumbnailUrl\":\"https:\\\/\\\/www.toulouse-tri.com\\\/wp-content\\\/uploads\\\/2019\\\/03\\\/Capture-3.jpg\",\"keywords\":[\"Course \u00e0 pied\",\"Podium\",\"Trail\"],\"articleSection\":[\"Compte-rendus\"],\"inLanguage\":\"fr-FR\",\"potentialAction\":[{\"@type\":\"CommentAction\",\"name\":\"Comment\",\"target\":[\"https:\\\/\\\/www.toulouse-tri.com\\\/?p=6220#respond\"]}]},{\"@type\":\"WebPage\",\"@id\":\"https:\\\/\\\/www.toulouse-tri.com\\\/?p=6220\",\"url\":\"https:\\\/\\\/www.toulouse-tri.com\\\/?p=6220\",\"name\":\"\u00d4 Captain, my captain - Toulouse Triathlon\",\"isPartOf\":{\"@id\":\"https:\\\/\\\/www.toulouse-tri.com\\\/#website\"},\"primaryImageOfPage\":{\"@id\":\"https:\\\/\\\/www.toulouse-tri.com\\\/?p=6220#primaryimage\"},\"image\":{\"@id\":\"https:\\\/\\\/www.toulouse-tri.com\\\/?p=6220#primaryimage\"},\"thumbnailUrl\":\"https:\\\/\\\/www.toulouse-tri.com\\\/wp-content\\\/uploads\\\/2019\\\/03\\\/Capture-3.jpg\",\"datePublished\":\"2019-03-02T20:07:00+00:00\",\"dateModified\":\"2019-10-11T12:22:00+00:00\",\"breadcrumb\":{\"@id\":\"https:\\\/\\\/www.toulouse-tri.com\\\/?p=6220#breadcrumb\"},\"inLanguage\":\"fr-FR\",\"potentialAction\":[{\"@type\":\"ReadAction\",\"target\":[\"https:\\\/\\\/www.toulouse-tri.com\\\/?p=6220\"]}]},{\"@type\":\"ImageObject\",\"inLanguage\":\"fr-FR\",\"@id\":\"https:\\\/\\\/www.toulouse-tri.com\\\/?p=6220#primaryimage\",\"url\":\"https:\\\/\\\/www.toulouse-tri.com\\\/wp-content\\\/uploads\\\/2019\\\/03\\\/Capture-3.jpg\",\"contentUrl\":\"https:\\\/\\\/www.toulouse-tri.com\\\/wp-content\\\/uploads\\\/2019\\\/03\\\/Capture-3.jpg\",\"width\":239,\"height\":200},{\"@type\":\"BreadcrumbList\",\"@id\":\"https:\\\/\\\/www.toulouse-tri.com\\\/?p=6220#breadcrumb\",\"itemListElement\":[{\"@type\":\"ListItem\",\"position\":1,\"name\":\"Accueil\",\"item\":\"https:\\\/\\\/www.toulouse-tri.com\\\/\"},{\"@type\":\"ListItem\",\"position\":2,\"name\":\"\u00d4 Captain, my captain\"}]},{\"@type\":\"WebSite\",\"@id\":\"https:\\\/\\\/www.toulouse-tri.com\\\/#website\",\"url\":\"https:\\\/\\\/www.toulouse-tri.com\\\/\",\"name\":\"Toulouse Triathlon\",\"description\":\"Power Meuh\",\"publisher\":{\"@id\":\"https:\\\/\\\/www.toulouse-tri.com\\\/#organization\"},\"potentialAction\":[{\"@type\":\"SearchAction\",\"target\":{\"@type\":\"EntryPoint\",\"urlTemplate\":\"https:\\\/\\\/www.toulouse-tri.com\\\/?s={search_term_string}\"},\"query-input\":{\"@type\":\"PropertyValueSpecification\",\"valueRequired\":true,\"valueName\":\"search_term_string\"}}],\"inLanguage\":\"fr-FR\"},{\"@type\":\"Organization\",\"@id\":\"https:\\\/\\\/www.toulouse-tri.com\\\/#organization\",\"name\":\"Toulouse Triathlon\",\"url\":\"https:\\\/\\\/www.toulouse-tri.com\\\/\",\"logo\":{\"@type\":\"ImageObject\",\"inLanguage\":\"fr-FR\",\"@id\":\"https:\\\/\\\/www.toulouse-tri.com\\\/#\\\/schema\\\/logo\\\/image\\\/\",\"url\":\"https:\\\/\\\/www.toulouse-tri.com\\\/wp-content\\\/uploads\\\/2015\\\/03\\\/pwrmeuh.gif\",\"contentUrl\":\"https:\\\/\\\/www.toulouse-tri.com\\\/wp-content\\\/uploads\\\/2015\\\/03\\\/pwrmeuh.gif\",\"width\":224,\"height\":176,\"caption\":\"Toulouse Triathlon\"},\"image\":{\"@id\":\"https:\\\/\\\/www.toulouse-tri.com\\\/#\\\/schema\\\/logo\\\/image\\\/\"}},{\"@type\":\"Person\",\"@id\":\"https:\\\/\\\/www.toulouse-tri.com\\\/#\\\/schema\\\/person\\\/bda84890d6cf464fef7b3e8ca558bc51\",\"name\":\"Hugo CHARTON\",\"image\":{\"@type\":\"ImageObject\",\"inLanguage\":\"fr-FR\",\"@id\":\"https:\\\/\\\/secure.gravatar.com\\\/avatar\\\/725d518090f5168d8f5cde1adeb7f587db3e053d2195a2cbacb505eec96e2a0d?s=96&d=wavatar&r=g\",\"url\":\"https:\\\/\\\/secure.gravatar.com\\\/avatar\\\/725d518090f5168d8f5cde1adeb7f587db3e053d2195a2cbacb505eec96e2a0d?s=96&d=wavatar&r=g\",\"contentUrl\":\"https:\\\/\\\/secure.gravatar.com\\\/avatar\\\/725d518090f5168d8f5cde1adeb7f587db3e053d2195a2cbacb505eec96e2a0d?s=96&d=wavatar&r=g\",\"caption\":\"Hugo CHARTON\"},\"description\":\"Dynamique, j'aime bien me d\u00e9fouler et m'amuser ! Je compte sur le club pour r\u00e9pondre \u00e0 ces attentes ! :-)\",\"url\":\"https:\\\/\\\/www.toulouse-tri.com\\\/?author=1\"}]}<\/script>\n<!-- \/ Yoast SEO plugin. -->","yoast_head_json":{"title":"\u00d4 Captain, my captain - Toulouse Triathlon","robots":{"index":"index","follow":"follow","max-snippet":"max-snippet:-1","max-image-preview":"max-image-preview:large","max-video-preview":"max-video-preview:-1"},"canonical":"https:\/\/www.toulouse-tri.com\/?p=6220","og_locale":"fr_FR","og_type":"article","og_title":"\u00d4 Captain, my captain - Toulouse Triathlon","og_description":"22 dossards, 3 beaux podiums, dont la premi\u00e8re victoire de la saison, c'\u00e9tait un gros week-end pour le Toulouse Triathlon","og_url":"https:\/\/www.toulouse-tri.com\/?p=6220","og_site_name":"Toulouse Triathlon","article_published_time":"2019-03-02T20:07:00+00:00","article_modified_time":"2019-10-11T12:22:00+00:00","og_image":[{"width":239,"height":200,"url":"https:\/\/www.toulouse-tri.com\/wp-content\/uploads\/2019\/03\/Capture-3.jpg","type":"image\/jpeg"}],"author":"Hugo CHARTON","twitter_card":"summary_large_image","twitter_misc":{"\u00c9crit par":"Hugo CHARTON","Dur\u00e9e de lecture estim\u00e9e":"3 minutes"},"schema":{"@context":"https:\/\/schema.org","@graph":[{"@type":"Article","@id":"https:\/\/www.toulouse-tri.com\/?p=6220#article","isPartOf":{"@id":"https:\/\/www.toulouse-tri.com\/?p=6220"},"author":{"name":"Hugo CHARTON","@id":"https:\/\/www.toulouse-tri.com\/#\/schema\/person\/bda84890d6cf464fef7b3e8ca558bc51"},"headline":"\u00d4 Captain, my captain","datePublished":"2019-03-02T20:07:00+00:00","dateModified":"2019-10-11T12:22:00+00:00","mainEntityOfPage":{"@id":"https:\/\/www.toulouse-tri.com\/?p=6220"},"wordCount":710,"commentCount":2,"publisher":{"@id":"https:\/\/www.toulouse-tri.com\/#organization"},"image":{"@id":"https:\/\/www.toulouse-tri.com\/?p=6220#primaryimage"},"thumbnailUrl":"https:\/\/www.toulouse-tri.com\/wp-content\/uploads\/2019\/03\/Capture-3.jpg","keywords":["Course \u00e0 pied","Podium","Trail"],"articleSection":["Compte-rendus"],"inLanguage":"fr-FR","potentialAction":[{"@type":"CommentAction","name":"Comment","target":["https:\/\/www.toulouse-tri.com\/?p=6220#respond"]}]},{"@type":"WebPage","@id":"https:\/\/www.toulouse-tri.com\/?p=6220","url":"https:\/\/www.toulouse-tri.com\/?p=6220","name":"\u00d4 Captain, my captain - Toulouse Triathlon","isPartOf":{"@id":"https:\/\/www.toulouse-tri.com\/#website"},"primaryImageOfPage":{"@id":"https:\/\/www.toulouse-tri.com\/?p=6220#primaryimage"},"image":{"@id":"https:\/\/www.toulouse-tri.com\/?p=6220#primaryimage"},"thumbnailUrl":"https:\/\/www.toulouse-tri.com\/wp-content\/uploads\/2019\/03\/Capture-3.jpg","datePublished":"2019-03-02T20:07:00+00:00","dateModified":"2019-10-11T12:22:00+00:00","breadcrumb":{"@id":"https:\/\/www.toulouse-tri.com\/?p=6220#breadcrumb"},"inLanguage":"fr-FR","potentialAction":[{"@type":"ReadAction","target":["https:\/\/www.toulouse-tri.com\/?p=6220"]}]},{"@type":"ImageObject","inLanguage":"fr-FR","@id":"https:\/\/www.toulouse-tri.com\/?p=6220#primaryimage","url":"https:\/\/www.toulouse-tri.com\/wp-content\/uploads\/2019\/03\/Capture-3.jpg","contentUrl":"https:\/\/www.toulouse-tri.com\/wp-content\/uploads\/2019\/03\/Capture-3.jpg","width":239,"height":200},{"@type":"BreadcrumbList","@id":"https:\/\/www.toulouse-tri.com\/?p=6220#breadcrumb","itemListElement":[{"@type":"ListItem","position":1,"name":"Accueil","item":"https:\/\/www.toulouse-tri.com\/"},{"@type":"ListItem","position":2,"name":"\u00d4 Captain, my captain"}]},{"@type":"WebSite","@id":"https:\/\/www.toulouse-tri.com\/#website","url":"https:\/\/www.toulouse-tri.com\/","name":"Toulouse Triathlon","description":"Power Meuh","publisher":{"@id":"https:\/\/www.toulouse-tri.com\/#organization"},"potentialAction":[{"@type":"SearchAction","target":{"@type":"EntryPoint","urlTemplate":"https:\/\/www.toulouse-tri.com\/?s={search_term_string}"},"query-input":{"@type":"PropertyValueSpecification","valueRequired":true,"valueName":"search_term_string"}}],"inLanguage":"fr-FR"},{"@type":"Organization","@id":"https:\/\/www.toulouse-tri.com\/#organization","name":"Toulouse Triathlon","url":"https:\/\/www.toulouse-tri.com\/","logo":{"@type":"ImageObject","inLanguage":"fr-FR","@id":"https:\/\/www.toulouse-tri.com\/#\/schema\/logo\/image\/","url":"https:\/\/www.toulouse-tri.com\/wp-content\/uploads\/2015\/03\/pwrmeuh.gif","contentUrl":"https:\/\/www.toulouse-tri.com\/wp-content\/uploads\/2015\/03\/pwrmeuh.gif","width":224,"height":176,"caption":"Toulouse Triathlon"},"image":{"@id":"https:\/\/www.toulouse-tri.com\/#\/schema\/logo\/image\/"}},{"@type":"Person","@id":"https:\/\/www.toulouse-tri.com\/#\/schema\/person\/bda84890d6cf464fef7b3e8ca558bc51","name":"Hugo CHARTON","image":{"@type":"ImageObject","inLanguage":"fr-FR","@id":"https:\/\/secure.gravatar.com\/avatar\/725d518090f5168d8f5cde1adeb7f587db3e053d2195a2cbacb505eec96e2a0d?s=96&d=wavatar&r=g","url":"https:\/\/secure.gravatar.com\/avatar\/725d518090f5168d8f5cde1adeb7f587db3e053d2195a2cbacb505eec96e2a0d?s=96&d=wavatar&r=g","contentUrl":"https:\/\/secure.gravatar.com\/avatar\/725d518090f5168d8f5cde1adeb7f587db3e053d2195a2cbacb505eec96e2a0d?s=96&d=wavatar&r=g","caption":"Hugo CHARTON"},"description":"Dynamique, j'aime bien me d\u00e9fouler et m'amuser ! Je compte sur le club pour r\u00e9pondre \u00e0 ces attentes ! :-)","url":"https:\/\/www.toulouse-tri.com\/?author=1"}]}},"_links":{"self":[{"href":"https:\/\/www.toulouse-tri.com\/index.php?rest_route=\/wp\/v2\/posts\/6220","targetHints":{"allow":["GET"]}}],"collection":[{"href":"https:\/\/www.toulouse-tri.com\/index.php?rest_route=\/wp\/v2\/posts"}],"about":[{"href":"https:\/\/www.toulouse-tri.com\/index.php?rest_route=\/wp\/v2\/types\/post"}],"author":[{"embeddable":true,"href":"https:\/\/www.toulouse-tri.com\/index.php?rest_route=\/wp\/v2\/users\/1"}],"replies":[{"embeddable":true,"href":"https:\/\/www.toulouse-tri.com\/index.php?rest_route=%2Fwp%2Fv2%2Fcomments&post=6220"}],"version-history":[{"count":19,"href":"https:\/\/www.toulouse-tri.com\/index.php?rest_route=\/wp\/v2\/posts\/6220\/revisions"}],"predecessor-version":[{"id":7437,"href":"https:\/\/www.toulouse-tri.com\/index.php?rest_route=\/wp\/v2\/posts\/6220\/revisions\/7437"}],"wp:featuredmedia":[{"embeddable":true,"href":"https:\/\/www.toulouse-tri.com\/index.php?rest_route=\/wp\/v2\/media\/6264"}],"wp:attachment":[{"href":"https:\/\/www.toulouse-tri.com\/index.php?rest_route=%2Fwp%2Fv2%2Fmedia&parent=6220"}],"wp:term":[{"taxonomy":"category","embeddable":true,"href":"https:\/\/www.toulouse-tri.com\/index.php?rest_route=%2Fwp%2Fv2%2Fcategories&post=6220"},{"taxonomy":"post_tag","embeddable":true,"href":"https:\/\/www.toulouse-tri.com\/index.php?rest_route=%2Fwp%2Fv2%2Ftags&post=6220"}],"curies":[{"name":"wp","href":"https:\/\/api.w.org\/{rel}","templated":true}]}}