{"id":5094,"date":"2018-05-13T20:00:51","date_gmt":"2018-05-13T18:00:51","guid":{"rendered":"http:\/\/www.toulouse-tri.com\/?p=5094"},"modified":"2018-05-22T15:03:07","modified_gmt":"2018-05-22T13:03:07","slug":"julien-sera-sud-africain","status":"publish","type":"post","link":"https:\/\/www.toulouse-tri.com\/?p=5094","title":{"rendered":"Championnat du Monde 70.3 : Julien sera sud-africain !"},"content":{"rendered":"<p>Il en r\u00eavait, il l&#8217;a fait !<\/p>\n<p>Il ne fallait pas avoir peur des \u00e9l\u00e9ments, ce dimanche, du c\u00f4t\u00e9 d&#8217;Aix, au d\u00e9part du <a href=\"https:\/\/www.toulouse-tri.com\/?page_id=1944&amp;id=20180514075638\" target=\"_blank\" rel=\"noopener\"><span style=\"text-decoration: underline;\">70.3<\/span><\/a> (autrement dit, du half-Ironman). Apr\u00e8s l&#8217;annulation de la natation, cette ann\u00e9e, le parcours a \u00e9t\u00e9 complet, mais sur le dernier tiers du v\u00e9lo, les trombes d&#8217;eau ont bien rafra\u00eechi l&#8217;atmosph\u00e8re de ce d\u00e9but de printemps tr\u00e8s particulier.<\/p>\n<p>Rien de quoi d\u00e9courager <a href=\"https:\/\/www.toulouse-tri.com\/?page_id=2155&amp;id=200\" target=\"_blank\" rel=\"noopener\"><span style=\"text-decoration: underline;\">Julien<\/span><\/a>, <a href=\"https:\/\/www.toulouse-tri.com\/?page_id=2155&amp;id=199\" target=\"_blank\" rel=\"noopener\"><span style=\"text-decoration: underline;\">Jean-Marie<\/span><\/a> et <a href=\"https:\/\/www.toulouse-tri.com\/?page_id=2155&amp;id=710\" target=\"_blank\" rel=\"noopener\"><span style=\"text-decoration: underline;\">Cyril<\/span><\/a>, les trois vachettes align\u00e9es au d\u00e9part et pr\u00e9sentes <a href=\"https:\/\/www.toulouse-tri.com\/?page_id=1944&amp;id=20180514075638\" target=\"_blank\" rel=\"noopener\"><span style=\"text-decoration: underline;\">\u00e0 l&#8217;arriv\u00e9e.<\/span><\/a><br \/>\nEt certainement pas de quoi doucher le bonheur du premier cit\u00e9, puisqu&#8217;avec un temps canon, et le petit coup de pouce du Roll Down (les 6 slots dans sa cat\u00e9gorie n&#8217;ayant pas \u00e9t\u00e9 pris par les premiers), <a href=\"https:\/\/www.toulouse-tri.com\/?page_id=2155&amp;id=200\" target=\"_blank\" rel=\"noopener\"><span style=\"text-decoration: underline;\">Julien<\/span><\/a> d\u00e9croche la timbale qu&#8217;il \u00e9tait venu chercher avec une qualification pour les Championnats du Monde de la discipline, qui se tiendront <a href=\"http:\/\/eu.ironman.com\/triathlon\/events\/americas\/ironman-70.3\/70.3-world-championship.aspx\" target=\"_blank\" rel=\"noopener\"><span style=\"text-decoration: underline;\">d\u00e9but septembre en Afrique du Sud<\/span><\/a>&#8230;<\/p>\n<p><strong>Bravo <a href=\"https:\/\/www.toulouse-tri.com\/?page_id=138\" target=\"_blank\" rel=\"noopener\"><span style=\"text-decoration: underline;\">champion<\/span><\/a> !<\/strong><\/p>\n","protected":false},"excerpt":{"rendered":"<p>Julien Bauchet d\u00e9croche sa qualification pour les championnats du monde de 70.3 (Half Ironman) ce week-end<\/p>\n","protected":false},"author":601,"featured_media":0,"comment_status":"open","ping_status":"open","sticky":false,"template":"","format":"standard","meta":{"footnotes":"","_links_to":"","_links_to_target":""},"categories":[84],"tags":[80,120,60],"class_list":["post-5094","post","type-post","status-publish","format-standard","hentry","category-compte-rendus","tag-championnat","tag-half","tag-triathlon"],"yoast_head":"<!-- This site is optimized with the Yoast SEO plugin v27.4 - https:\/\/yoast.com\/product\/yoast-seo-wordpress\/ -->\n<title>Championnat du Monde 70.3 : Julien sera sud-africain ! - Toulouse Triathlon<\/title>\n<meta name=\"robots\" content=\"index, follow, max-snippet:-1, max-image-preview:large, max-video-preview:-1\" \/>\n<link rel=\"canonical\" href=\"https:\/\/www.toulouse-tri.com\/?p=5094\" \/>\n<meta property=\"og:locale\" content=\"fr_FR\" \/>\n<meta property=\"og:type\" content=\"article\" \/>\n<meta property=\"og:title\" content=\"Championnat du Monde 70.3 : Julien sera sud-africain ! - Toulouse Triathlon\" \/>\n<meta property=\"og:description\" content=\"Julien Bauchet d\u00e9croche sa qualification pour les championnats du monde de 70.3 (Half Ironman) ce week-end\" \/>\n<meta property=\"og:url\" content=\"https:\/\/www.toulouse-tri.com\/?p=5094\" \/>\n<meta property=\"og:site_name\" content=\"Toulouse Triathlon\" \/>\n<meta property=\"article:published_time\" content=\"2018-05-13T18:00:51+00:00\" \/>\n<meta property=\"article:modified_time\" content=\"2018-05-22T13:03:07+00:00\" \/>\n<meta name=\"author\" content=\"Franck DEBREILLY\" \/>\n<meta name=\"twitter:card\" content=\"summary_large_image\" \/>\n<meta name=\"twitter:label1\" content=\"\u00c9crit par\" \/>\n\t<meta name=\"twitter:data1\" content=\"Franck DEBREILLY\" \/>\n\t<meta name=\"twitter:label2\" content=\"Dur\u00e9e de lecture estim\u00e9e\" \/>\n\t<meta name=\"twitter:data2\" content=\"1 minute\" \/>\n<script type=\"application\/ld+json\" class=\"yoast-schema-graph\">{\"@context\":\"https:\\\/\\\/schema.org\",\"@graph\":[{\"@type\":\"Article\",\"@id\":\"https:\\\/\\\/www.toulouse-tri.com\\\/?p=5094#article\",\"isPartOf\":{\"@id\":\"https:\\\/\\\/www.toulouse-tri.com\\\/?p=5094\"},\"author\":{\"name\":\"Franck DEBREILLY\",\"@id\":\"https:\\\/\\\/www.toulouse-tri.com\\\/#\\\/schema\\\/person\\\/e6c53339838d167d1f6fd4378df9b2b1\"},\"headline\":\"Championnat du Monde 70.3 : Julien sera sud-africain !\",\"datePublished\":\"2018-05-13T18:00:51+00:00\",\"dateModified\":\"2018-05-22T13:03:07+00:00\",\"mainEntityOfPage\":{\"@id\":\"https:\\\/\\\/www.toulouse-tri.com\\\/?p=5094\"},\"wordCount\":176,\"commentCount\":1,\"publisher\":{\"@id\":\"https:\\\/\\\/www.toulouse-tri.com\\\/#organization\"},\"keywords\":[\"Championnat\",\"Half\",\"Triathlon\"],\"articleSection\":[\"Compte-rendus\"],\"inLanguage\":\"fr-FR\",\"potentialAction\":[{\"@type\":\"CommentAction\",\"name\":\"Comment\",\"target\":[\"https:\\\/\\\/www.toulouse-tri.com\\\/?p=5094#respond\"]}]},{\"@type\":\"WebPage\",\"@id\":\"https:\\\/\\\/www.toulouse-tri.com\\\/?p=5094\",\"url\":\"https:\\\/\\\/www.toulouse-tri.com\\\/?p=5094\",\"name\":\"Championnat du Monde 70.3 : Julien sera sud-africain ! - Toulouse Triathlon\",\"isPartOf\":{\"@id\":\"https:\\\/\\\/www.toulouse-tri.com\\\/#website\"},\"datePublished\":\"2018-05-13T18:00:51+00:00\",\"dateModified\":\"2018-05-22T13:03:07+00:00\",\"breadcrumb\":{\"@id\":\"https:\\\/\\\/www.toulouse-tri.com\\\/?p=5094#breadcrumb\"},\"inLanguage\":\"fr-FR\",\"potentialAction\":[{\"@type\":\"ReadAction\",\"target\":[\"https:\\\/\\\/www.toulouse-tri.com\\\/?p=5094\"]}]},{\"@type\":\"BreadcrumbList\",\"@id\":\"https:\\\/\\\/www.toulouse-tri.com\\\/?p=5094#breadcrumb\",\"itemListElement\":[{\"@type\":\"ListItem\",\"position\":1,\"name\":\"Accueil\",\"item\":\"https:\\\/\\\/www.toulouse-tri.com\\\/\"},{\"@type\":\"ListItem\",\"position\":2,\"name\":\"Championnat du Monde 70.3 : Julien sera sud-africain !\"}]},{\"@type\":\"WebSite\",\"@id\":\"https:\\\/\\\/www.toulouse-tri.com\\\/#website\",\"url\":\"https:\\\/\\\/www.toulouse-tri.com\\\/\",\"name\":\"Toulouse Triathlon\",\"description\":\"Power Meuh\",\"publisher\":{\"@id\":\"https:\\\/\\\/www.toulouse-tri.com\\\/#organization\"},\"potentialAction\":[{\"@type\":\"SearchAction\",\"target\":{\"@type\":\"EntryPoint\",\"urlTemplate\":\"https:\\\/\\\/www.toulouse-tri.com\\\/?s={search_term_string}\"},\"query-input\":{\"@type\":\"PropertyValueSpecification\",\"valueRequired\":true,\"valueName\":\"search_term_string\"}}],\"inLanguage\":\"fr-FR\"},{\"@type\":\"Organization\",\"@id\":\"https:\\\/\\\/www.toulouse-tri.com\\\/#organization\",\"name\":\"Toulouse Triathlon\",\"url\":\"https:\\\/\\\/www.toulouse-tri.com\\\/\",\"logo\":{\"@type\":\"ImageObject\",\"inLanguage\":\"fr-FR\",\"@id\":\"https:\\\/\\\/www.toulouse-tri.com\\\/#\\\/schema\\\/logo\\\/image\\\/\",\"url\":\"https:\\\/\\\/www.toulouse-tri.com\\\/wp-content\\\/uploads\\\/2015\\\/03\\\/pwrmeuh.gif\",\"contentUrl\":\"https:\\\/\\\/www.toulouse-tri.com\\\/wp-content\\\/uploads\\\/2015\\\/03\\\/pwrmeuh.gif\",\"width\":224,\"height\":176,\"caption\":\"Toulouse Triathlon\"},\"image\":{\"@id\":\"https:\\\/\\\/www.toulouse-tri.com\\\/#\\\/schema\\\/logo\\\/image\\\/\"}},{\"@type\":\"Person\",\"@id\":\"https:\\\/\\\/www.toulouse-tri.com\\\/#\\\/schema\\\/person\\\/e6c53339838d167d1f6fd4378df9b2b1\",\"name\":\"Franck DEBREILLY\",\"image\":{\"@type\":\"ImageObject\",\"inLanguage\":\"fr-FR\",\"@id\":\"https:\\\/\\\/secure.gravatar.com\\\/avatar\\\/ab429b01a2537e09b4b6629abbe097c5f0d6b5653008dc71b5d257fcec8d88e0?s=96&d=wavatar&r=g\",\"url\":\"https:\\\/\\\/secure.gravatar.com\\\/avatar\\\/ab429b01a2537e09b4b6629abbe097c5f0d6b5653008dc71b5d257fcec8d88e0?s=96&d=wavatar&r=g\",\"contentUrl\":\"https:\\\/\\\/secure.gravatar.com\\\/avatar\\\/ab429b01a2537e09b4b6629abbe097c5f0d6b5653008dc71b5d257fcec8d88e0?s=96&d=wavatar&r=g\",\"caption\":\"Franck DEBREILLY\"},\"description\":\"Quand je ne m'entra\u00eene pas, je fais des jeux de soci\u00e9t\u00e9, et des voyages, \u00e0 pied de pr\u00e9f\u00e9rence (du genre http:\\\/\\\/gr10fk.free.fr)\",\"url\":\"https:\\\/\\\/www.toulouse-tri.com\\\/?author=601\"}]}<\/script>\n<!-- \/ Yoast SEO plugin. -->","yoast_head_json":{"title":"Championnat du Monde 70.3 : Julien sera sud-africain ! - Toulouse Triathlon","robots":{"index":"index","follow":"follow","max-snippet":"max-snippet:-1","max-image-preview":"max-image-preview:large","max-video-preview":"max-video-preview:-1"},"canonical":"https:\/\/www.toulouse-tri.com\/?p=5094","og_locale":"fr_FR","og_type":"article","og_title":"Championnat du Monde 70.3 : Julien sera sud-africain ! - Toulouse Triathlon","og_description":"Julien Bauchet d\u00e9croche sa qualification pour les championnats du monde de 70.3 (Half Ironman) ce week-end","og_url":"https:\/\/www.toulouse-tri.com\/?p=5094","og_site_name":"Toulouse Triathlon","article_published_time":"2018-05-13T18:00:51+00:00","article_modified_time":"2018-05-22T13:03:07+00:00","author":"Franck DEBREILLY","twitter_card":"summary_large_image","twitter_misc":{"\u00c9crit par":"Franck DEBREILLY","Dur\u00e9e de lecture estim\u00e9e":"1 minute"},"schema":{"@context":"https:\/\/schema.org","@graph":[{"@type":"Article","@id":"https:\/\/www.toulouse-tri.com\/?p=5094#article","isPartOf":{"@id":"https:\/\/www.toulouse-tri.com\/?p=5094"},"author":{"name":"Franck DEBREILLY","@id":"https:\/\/www.toulouse-tri.com\/#\/schema\/person\/e6c53339838d167d1f6fd4378df9b2b1"},"headline":"Championnat du Monde 70.3 : Julien sera sud-africain !","datePublished":"2018-05-13T18:00:51+00:00","dateModified":"2018-05-22T13:03:07+00:00","mainEntityOfPage":{"@id":"https:\/\/www.toulouse-tri.com\/?p=5094"},"wordCount":176,"commentCount":1,"publisher":{"@id":"https:\/\/www.toulouse-tri.com\/#organization"},"keywords":["Championnat","Half","Triathlon"],"articleSection":["Compte-rendus"],"inLanguage":"fr-FR","potentialAction":[{"@type":"CommentAction","name":"Comment","target":["https:\/\/www.toulouse-tri.com\/?p=5094#respond"]}]},{"@type":"WebPage","@id":"https:\/\/www.toulouse-tri.com\/?p=5094","url":"https:\/\/www.toulouse-tri.com\/?p=5094","name":"Championnat du Monde 70.3 : Julien sera sud-africain ! - Toulouse Triathlon","isPartOf":{"@id":"https:\/\/www.toulouse-tri.com\/#website"},"datePublished":"2018-05-13T18:00:51+00:00","dateModified":"2018-05-22T13:03:07+00:00","breadcrumb":{"@id":"https:\/\/www.toulouse-tri.com\/?p=5094#breadcrumb"},"inLanguage":"fr-FR","potentialAction":[{"@type":"ReadAction","target":["https:\/\/www.toulouse-tri.com\/?p=5094"]}]},{"@type":"BreadcrumbList","@id":"https:\/\/www.toulouse-tri.com\/?p=5094#breadcrumb","itemListElement":[{"@type":"ListItem","position":1,"name":"Accueil","item":"https:\/\/www.toulouse-tri.com\/"},{"@type":"ListItem","position":2,"name":"Championnat du Monde 70.3 : Julien sera sud-africain !"}]},{"@type":"WebSite","@id":"https:\/\/www.toulouse-tri.com\/#website","url":"https:\/\/www.toulouse-tri.com\/","name":"Toulouse Triathlon","description":"Power Meuh","publisher":{"@id":"https:\/\/www.toulouse-tri.com\/#organization"},"potentialAction":[{"@type":"SearchAction","target":{"@type":"EntryPoint","urlTemplate":"https:\/\/www.toulouse-tri.com\/?s={search_term_string}"},"query-input":{"@type":"PropertyValueSpecification","valueRequired":true,"valueName":"search_term_string"}}],"inLanguage":"fr-FR"},{"@type":"Organization","@id":"https:\/\/www.toulouse-tri.com\/#organization","name":"Toulouse Triathlon","url":"https:\/\/www.toulouse-tri.com\/","logo":{"@type":"ImageObject","inLanguage":"fr-FR","@id":"https:\/\/www.toulouse-tri.com\/#\/schema\/logo\/image\/","url":"https:\/\/www.toulouse-tri.com\/wp-content\/uploads\/2015\/03\/pwrmeuh.gif","contentUrl":"https:\/\/www.toulouse-tri.com\/wp-content\/uploads\/2015\/03\/pwrmeuh.gif","width":224,"height":176,"caption":"Toulouse Triathlon"},"image":{"@id":"https:\/\/www.toulouse-tri.com\/#\/schema\/logo\/image\/"}},{"@type":"Person","@id":"https:\/\/www.toulouse-tri.com\/#\/schema\/person\/e6c53339838d167d1f6fd4378df9b2b1","name":"Franck DEBREILLY","image":{"@type":"ImageObject","inLanguage":"fr-FR","@id":"https:\/\/secure.gravatar.com\/avatar\/ab429b01a2537e09b4b6629abbe097c5f0d6b5653008dc71b5d257fcec8d88e0?s=96&d=wavatar&r=g","url":"https:\/\/secure.gravatar.com\/avatar\/ab429b01a2537e09b4b6629abbe097c5f0d6b5653008dc71b5d257fcec8d88e0?s=96&d=wavatar&r=g","contentUrl":"https:\/\/secure.gravatar.com\/avatar\/ab429b01a2537e09b4b6629abbe097c5f0d6b5653008dc71b5d257fcec8d88e0?s=96&d=wavatar&r=g","caption":"Franck DEBREILLY"},"description":"Quand je ne m'entra\u00eene pas, je fais des jeux de soci\u00e9t\u00e9, et des voyages, \u00e0 pied de pr\u00e9f\u00e9rence (du genre http:\/\/gr10fk.free.fr)","url":"https:\/\/www.toulouse-tri.com\/?author=601"}]}},"_links":{"self":[{"href":"https:\/\/www.toulouse-tri.com\/index.php?rest_route=\/wp\/v2\/posts\/5094","targetHints":{"allow":["GET"]}}],"collection":[{"href":"https:\/\/www.toulouse-tri.com\/index.php?rest_route=\/wp\/v2\/posts"}],"about":[{"href":"https:\/\/www.toulouse-tri.com\/index.php?rest_route=\/wp\/v2\/types\/post"}],"author":[{"embeddable":true,"href":"https:\/\/www.toulouse-tri.com\/index.php?rest_route=\/wp\/v2\/users\/601"}],"replies":[{"embeddable":true,"href":"https:\/\/www.toulouse-tri.com\/index.php?rest_route=%2Fwp%2Fv2%2Fcomments&post=5094"}],"version-history":[{"count":5,"href":"https:\/\/www.toulouse-tri.com\/index.php?rest_route=\/wp\/v2\/posts\/5094\/revisions"}],"predecessor-version":[{"id":5098,"href":"https:\/\/www.toulouse-tri.com\/index.php?rest_route=\/wp\/v2\/posts\/5094\/revisions\/5098"}],"wp:attachment":[{"href":"https:\/\/www.toulouse-tri.com\/index.php?rest_route=%2Fwp%2Fv2%2Fmedia&parent=5094"}],"wp:term":[{"taxonomy":"category","embeddable":true,"href":"https:\/\/www.toulouse-tri.com\/index.php?rest_route=%2Fwp%2Fv2%2Fcategories&post=5094"},{"taxonomy":"post_tag","embeddable":true,"href":"https:\/\/www.toulouse-tri.com\/index.php?rest_route=%2Fwp%2Fv2%2Ftags&post=5094"}],"curies":[{"name":"wp","href":"https:\/\/api.w.org\/{rel}","templated":true}]}}