{"id":2535,"date":"2017-02-12T15:10:05","date_gmt":"2017-02-12T14:10:05","guid":{"rendered":"http:\/\/www.toulouse-tri.com\/?p=2535"},"modified":"2017-11-30T00:15:04","modified_gmt":"2017-11-29T23:15:04","slug":"bi-turbo-plus-fort-vent","status":"publish","type":"post","link":"https:\/\/www.toulouse-tri.com\/?p=2535","title":{"rendered":"Les bi-turbo, et Vincent, plus forts que le vent"},"content":{"rendered":"<p>Le <a href=\"http:\/\/www.taco-aucamville.fr\/relais-de-l-hers\/detail-relais-de-l-hers.html\" target=\"_blank\" rel=\"noopener\">relais de l&#8217;Hers<\/a>, organis\u00e9 par le TACO Aucamville, c&#8217;est une jolie \u00e9preuve en relais, parmi les plus anciennes du coin. Et o\u00f9 le Toulouse Triathlon figure au <a href=\"http:\/\/www.taco-aucamville.fr\/relais-de-l-hers\/palmares-relais-de-l-hers-1992-2016.html\" target=\"_blank\" rel=\"noopener\">palmar\u00e8s<\/a>, puisque les f\u00e9minines l&#8217;avaient emport\u00e9 par deux fois en 2005 et 2006.<\/p>\n<p>Pas de f\u00e9minines du club au d\u00e9part cette ann\u00e9e, mais deux \u00e9quipes officielles, plus Vincent, cach\u00e9 dans une \u00e9quipe toute d&#8217;orange v\u00eatue.<br \/>\nSoit 7 vachettes par\u00e9es \u00e0 affronter les rafales de vent d&#8217;Autan (annonc\u00e9es jusqu&#8217;\u00e0 90 km\/h) sur le parcours de 5 km en forme de huit sur les bords de l&#8217;Hers.<\/p>\n<p>Et des podiums \u00e0 l&#8217;arriv\u00e9e !<\/p>\n<p>Pour f\u00eater en beaut\u00e9 l&#8217;anniversaire d&#8217;Olivier, les vachettes bi-turbo, lanc\u00e9es par <span style=\"text-decoration: underline;\"><a href=\"http:\/\/www.toulouse-tri.com\/?page_id=2155&amp;id=259\" target=\"_blank\" rel=\"noopener\">Emmanuel Bodin<\/a><\/span>, relay\u00e9 par <span style=\"text-decoration: underline;\"><a href=\"http:\/\/www.toulouse-tri.com\/?page_id=2155&amp;id=510\" target=\"_blank\" rel=\"noopener\">Philippe Coudert<\/a><\/span>, et donc avec <span style=\"text-decoration: underline;\"><a href=\"http:\/\/www.toulouse-tri.com\/?page_id=2155&amp;id=183\" target=\"_blank\" rel=\"noopener\">Olivier Hamon<\/a><\/span> pour finir et encha\u00eener directement sur les 1 600 m communs, s&#8217;offrent une belle victoire dans la cat\u00e9gorie des Master 2, avec pr\u00e8s de huit minutes d&#8217;avance sur leurs poursuivants.<\/p>\n<p>Peu avant, il y avait au les 205 GTI, avec un d\u00e9marrage en trombe de <span style=\"text-decoration: underline;\"><a href=\"http:\/\/www.toulouse-tri.com\/?page_id=2155&amp;id=716\" target=\"_blank\" rel=\"noopener\">Florian Cavailles<\/a><\/span>, un palier sur l&#8217;autoroute avec <span style=\"text-decoration: underline;\"><a href=\"http:\/\/www.toulouse-tri.com\/?page_id=2155&amp;id=601\" target=\"_blank\" rel=\"noopener\">Franck Debreilly<\/a><\/span> et un run final avec le cligno pour doubler d&#8217;<span style=\"text-decoration: underline;\"><a href=\"http:\/\/www.toulouse-tri.com\/?page_id=2155&amp;id=1\" target=\"_blank\" rel=\"noopener\">Hugo Charton<\/a><\/span>, qui en avaient termin\u00e9 \u00e0 une belle 6e place, dans un temps qui, en 2015 comme en 2016, aurait valu la derni\u00e8re marche du podium au g\u00e9n\u00e9ral.<br \/>\nMais voil\u00e0, 5e dans la cat\u00e9gorie senior, y&#8217;a pas de podium, et le nom de l&#8217;\u00e9quipe &#8220;Les vachettes enrag\u00e9es&#8221; semblait pr\u00e9destin\u00e9 !<\/p>\n<p>Le podium au g\u00e9n\u00e9ral, c&#8217;est <span style=\"text-decoration: underline;\"><a href=\"http:\/\/www.toulouse-tri.com\/?page_id=2155&amp;id=400\" target=\"_blank\" rel=\"noopener\">Vincent Guardia<\/a><\/span> qui se l&#8217;offre, lui qui \u00e9tait le plus lent de son \u00e9quipe (excusez du peu), en finissant troisi\u00e8me avec ses deux comp\u00e8res de la Corrida de Toulouse. Apr\u00e8s celui du dimanche d&#8217;avant au <span style=\"text-decoration: underline;\"><a href=\"http:\/\/www.toulouse-tri.com\/?p=2516\" target=\"_blank\" rel=\"noopener\">Forest Trail<\/a><\/span>, on ne l&#8217;arr\u00eate plus !<\/p>\n<p>Et tout ce petit monde pouvait enfin profiter de l&#8217;ap\u00e9ro d&#8217;apr\u00e8s-course offert par les organisateurs, avec muscat, pizzas, saucisse grill\u00e9e, fromage, vin, etc. (quand on vous dit, que c&#8217;est une jolie \u00e9preuve !).<\/p>\n<figure id=\"attachment_2536\" aria-describedby=\"caption-attachment-2536\" style=\"width: 1920px\" class=\"wp-caption aligncenter\"><a href=\"http:\/\/www.toulouse-tri.com\/wp-content\/uploads\/2017\/02\/IMG_6273.jpg\"><img loading=\"lazy\" decoding=\"async\" class=\"wp-image-2536 size-full\" src=\"http:\/\/www.toulouse-tri.com\/wp-content\/uploads\/2017\/02\/IMG_6273.jpg\" alt=\"Les vachettes Master 2 au Relais de l'Hers 2017\" width=\"1920\" height=\"1280\" srcset=\"https:\/\/www.toulouse-tri.com\/wp-content\/uploads\/2017\/02\/IMG_6273.jpg 1920w, https:\/\/www.toulouse-tri.com\/wp-content\/uploads\/2017\/02\/IMG_6273-400x267.jpg 400w, https:\/\/www.toulouse-tri.com\/wp-content\/uploads\/2017\/02\/IMG_6273-300x200.jpg 300w, https:\/\/www.toulouse-tri.com\/wp-content\/uploads\/2017\/02\/IMG_6273-768x512.jpg 768w, https:\/\/www.toulouse-tri.com\/wp-content\/uploads\/2017\/02\/IMG_6273-1024x683.jpg 1024w\" sizes=\"auto, (max-width: 1920px) 100vw, 1920px\" \/><\/a><figcaption id=\"caption-attachment-2536\" class=\"wp-caption-text\">Trois vachettes bi-turbo qui volent vers l&#8217;arriv\u00e9e&#8230; et une belle victoire en Master 2<\/figcaption><\/figure>\n","protected":false},"excerpt":{"rendered":"<p>Deux \u00e9quipes de vachettes ce matin au relais de l&#8217;Hers, et une belle victoire en Master 2 comme cadeau d&#8217;anniversaire pour Olivier !<\/p>\n","protected":false},"author":601,"featured_media":0,"comment_status":"open","ping_status":"open","sticky":false,"template":"","format":"standard","meta":{"footnotes":"","_links_to":"","_links_to_target":""},"categories":[84],"tags":[57,56],"class_list":["post-2535","post","type-post","status-publish","format-standard","hentry","category-compte-rendus","tag-course-a-pied","tag-relais"],"yoast_head":"<!-- This site is optimized with the Yoast SEO plugin v27.4 - https:\/\/yoast.com\/product\/yoast-seo-wordpress\/ -->\n<title>Les bi-turbo, et Vincent, plus forts que le vent - Toulouse Triathlon<\/title>\n<meta name=\"robots\" content=\"index, follow, max-snippet:-1, max-image-preview:large, max-video-preview:-1\" \/>\n<link rel=\"canonical\" href=\"https:\/\/www.toulouse-tri.com\/?p=2535\" \/>\n<meta property=\"og:locale\" content=\"fr_FR\" \/>\n<meta property=\"og:type\" content=\"article\" \/>\n<meta property=\"og:title\" content=\"Les bi-turbo, et Vincent, plus forts que le vent - Toulouse Triathlon\" \/>\n<meta property=\"og:description\" content=\"Deux \u00e9quipes de vachettes ce matin au relais de l&#039;Hers, et une belle victoire en Master 2 comme cadeau d&#039;anniversaire pour Olivier !\" \/>\n<meta property=\"og:url\" content=\"https:\/\/www.toulouse-tri.com\/?p=2535\" \/>\n<meta property=\"og:site_name\" content=\"Toulouse Triathlon\" \/>\n<meta property=\"article:published_time\" content=\"2017-02-12T14:10:05+00:00\" \/>\n<meta property=\"article:modified_time\" content=\"2017-11-29T23:15:04+00:00\" \/>\n<meta property=\"og:image\" content=\"http:\/\/www.toulouse-tri.com\/wp-content\/uploads\/2017\/02\/IMG_6273.jpg\" \/>\n<meta name=\"author\" content=\"Franck DEBREILLY\" \/>\n<meta name=\"twitter:card\" content=\"summary_large_image\" \/>\n<meta name=\"twitter:label1\" content=\"\u00c9crit par\" \/>\n\t<meta name=\"twitter:data1\" content=\"Franck DEBREILLY\" \/>\n\t<meta name=\"twitter:label2\" content=\"Dur\u00e9e de lecture estim\u00e9e\" \/>\n\t<meta name=\"twitter:data2\" content=\"2 minutes\" \/>\n<script type=\"application\/ld+json\" class=\"yoast-schema-graph\">{\"@context\":\"https:\\\/\\\/schema.org\",\"@graph\":[{\"@type\":\"Article\",\"@id\":\"https:\\\/\\\/www.toulouse-tri.com\\\/?p=2535#article\",\"isPartOf\":{\"@id\":\"https:\\\/\\\/www.toulouse-tri.com\\\/?p=2535\"},\"author\":{\"name\":\"Franck DEBREILLY\",\"@id\":\"https:\\\/\\\/www.toulouse-tri.com\\\/#\\\/schema\\\/person\\\/e6c53339838d167d1f6fd4378df9b2b1\"},\"headline\":\"Les bi-turbo, et Vincent, plus forts que le vent\",\"datePublished\":\"2017-02-12T14:10:05+00:00\",\"dateModified\":\"2017-11-29T23:15:04+00:00\",\"mainEntityOfPage\":{\"@id\":\"https:\\\/\\\/www.toulouse-tri.com\\\/?p=2535\"},\"wordCount\":381,\"commentCount\":0,\"publisher\":{\"@id\":\"https:\\\/\\\/www.toulouse-tri.com\\\/#organization\"},\"image\":{\"@id\":\"https:\\\/\\\/www.toulouse-tri.com\\\/?p=2535#primaryimage\"},\"thumbnailUrl\":\"http:\\\/\\\/www.toulouse-tri.com\\\/wp-content\\\/uploads\\\/2017\\\/02\\\/IMG_6273.jpg\",\"keywords\":[\"Course \u00e0 pied\",\"Relais\"],\"articleSection\":[\"Compte-rendus\"],\"inLanguage\":\"fr-FR\",\"potentialAction\":[{\"@type\":\"CommentAction\",\"name\":\"Comment\",\"target\":[\"https:\\\/\\\/www.toulouse-tri.com\\\/?p=2535#respond\"]}]},{\"@type\":\"WebPage\",\"@id\":\"https:\\\/\\\/www.toulouse-tri.com\\\/?p=2535\",\"url\":\"https:\\\/\\\/www.toulouse-tri.com\\\/?p=2535\",\"name\":\"Les bi-turbo, et Vincent, plus forts que le vent - Toulouse Triathlon\",\"isPartOf\":{\"@id\":\"https:\\\/\\\/www.toulouse-tri.com\\\/#website\"},\"primaryImageOfPage\":{\"@id\":\"https:\\\/\\\/www.toulouse-tri.com\\\/?p=2535#primaryimage\"},\"image\":{\"@id\":\"https:\\\/\\\/www.toulouse-tri.com\\\/?p=2535#primaryimage\"},\"thumbnailUrl\":\"http:\\\/\\\/www.toulouse-tri.com\\\/wp-content\\\/uploads\\\/2017\\\/02\\\/IMG_6273.jpg\",\"datePublished\":\"2017-02-12T14:10:05+00:00\",\"dateModified\":\"2017-11-29T23:15:04+00:00\",\"breadcrumb\":{\"@id\":\"https:\\\/\\\/www.toulouse-tri.com\\\/?p=2535#breadcrumb\"},\"inLanguage\":\"fr-FR\",\"potentialAction\":[{\"@type\":\"ReadAction\",\"target\":[\"https:\\\/\\\/www.toulouse-tri.com\\\/?p=2535\"]}]},{\"@type\":\"ImageObject\",\"inLanguage\":\"fr-FR\",\"@id\":\"https:\\\/\\\/www.toulouse-tri.com\\\/?p=2535#primaryimage\",\"url\":\"https:\\\/\\\/www.toulouse-tri.com\\\/wp-content\\\/uploads\\\/2017\\\/02\\\/IMG_6273.jpg\",\"contentUrl\":\"https:\\\/\\\/www.toulouse-tri.com\\\/wp-content\\\/uploads\\\/2017\\\/02\\\/IMG_6273.jpg\",\"width\":1920,\"height\":1280,\"caption\":\"Trois vachettes bi-turbo qui volent vers l'arriv\u00e9e... et une belle victoire en Master 2\"},{\"@type\":\"BreadcrumbList\",\"@id\":\"https:\\\/\\\/www.toulouse-tri.com\\\/?p=2535#breadcrumb\",\"itemListElement\":[{\"@type\":\"ListItem\",\"position\":1,\"name\":\"Accueil\",\"item\":\"https:\\\/\\\/www.toulouse-tri.com\\\/\"},{\"@type\":\"ListItem\",\"position\":2,\"name\":\"Les bi-turbo, et Vincent, plus forts que le vent\"}]},{\"@type\":\"WebSite\",\"@id\":\"https:\\\/\\\/www.toulouse-tri.com\\\/#website\",\"url\":\"https:\\\/\\\/www.toulouse-tri.com\\\/\",\"name\":\"Toulouse Triathlon\",\"description\":\"Power Meuh\",\"publisher\":{\"@id\":\"https:\\\/\\\/www.toulouse-tri.com\\\/#organization\"},\"potentialAction\":[{\"@type\":\"SearchAction\",\"target\":{\"@type\":\"EntryPoint\",\"urlTemplate\":\"https:\\\/\\\/www.toulouse-tri.com\\\/?s={search_term_string}\"},\"query-input\":{\"@type\":\"PropertyValueSpecification\",\"valueRequired\":true,\"valueName\":\"search_term_string\"}}],\"inLanguage\":\"fr-FR\"},{\"@type\":\"Organization\",\"@id\":\"https:\\\/\\\/www.toulouse-tri.com\\\/#organization\",\"name\":\"Toulouse Triathlon\",\"url\":\"https:\\\/\\\/www.toulouse-tri.com\\\/\",\"logo\":{\"@type\":\"ImageObject\",\"inLanguage\":\"fr-FR\",\"@id\":\"https:\\\/\\\/www.toulouse-tri.com\\\/#\\\/schema\\\/logo\\\/image\\\/\",\"url\":\"https:\\\/\\\/www.toulouse-tri.com\\\/wp-content\\\/uploads\\\/2015\\\/03\\\/pwrmeuh.gif\",\"contentUrl\":\"https:\\\/\\\/www.toulouse-tri.com\\\/wp-content\\\/uploads\\\/2015\\\/03\\\/pwrmeuh.gif\",\"width\":224,\"height\":176,\"caption\":\"Toulouse Triathlon\"},\"image\":{\"@id\":\"https:\\\/\\\/www.toulouse-tri.com\\\/#\\\/schema\\\/logo\\\/image\\\/\"}},{\"@type\":\"Person\",\"@id\":\"https:\\\/\\\/www.toulouse-tri.com\\\/#\\\/schema\\\/person\\\/e6c53339838d167d1f6fd4378df9b2b1\",\"name\":\"Franck DEBREILLY\",\"image\":{\"@type\":\"ImageObject\",\"inLanguage\":\"fr-FR\",\"@id\":\"https:\\\/\\\/secure.gravatar.com\\\/avatar\\\/ab429b01a2537e09b4b6629abbe097c5f0d6b5653008dc71b5d257fcec8d88e0?s=96&d=wavatar&r=g\",\"url\":\"https:\\\/\\\/secure.gravatar.com\\\/avatar\\\/ab429b01a2537e09b4b6629abbe097c5f0d6b5653008dc71b5d257fcec8d88e0?s=96&d=wavatar&r=g\",\"contentUrl\":\"https:\\\/\\\/secure.gravatar.com\\\/avatar\\\/ab429b01a2537e09b4b6629abbe097c5f0d6b5653008dc71b5d257fcec8d88e0?s=96&d=wavatar&r=g\",\"caption\":\"Franck DEBREILLY\"},\"description\":\"Quand je ne m'entra\u00eene pas, je fais des jeux de soci\u00e9t\u00e9, et des voyages, \u00e0 pied de pr\u00e9f\u00e9rence (du genre http:\\\/\\\/gr10fk.free.fr)\",\"url\":\"https:\\\/\\\/www.toulouse-tri.com\\\/?author=601\"}]}<\/script>\n<!-- \/ Yoast SEO plugin. -->","yoast_head_json":{"title":"Les bi-turbo, et Vincent, plus forts que le vent - Toulouse Triathlon","robots":{"index":"index","follow":"follow","max-snippet":"max-snippet:-1","max-image-preview":"max-image-preview:large","max-video-preview":"max-video-preview:-1"},"canonical":"https:\/\/www.toulouse-tri.com\/?p=2535","og_locale":"fr_FR","og_type":"article","og_title":"Les bi-turbo, et Vincent, plus forts que le vent - Toulouse Triathlon","og_description":"Deux \u00e9quipes de vachettes ce matin au relais de l'Hers, et une belle victoire en Master 2 comme cadeau d'anniversaire pour Olivier !","og_url":"https:\/\/www.toulouse-tri.com\/?p=2535","og_site_name":"Toulouse Triathlon","article_published_time":"2017-02-12T14:10:05+00:00","article_modified_time":"2017-11-29T23:15:04+00:00","og_image":[{"url":"http:\/\/www.toulouse-tri.com\/wp-content\/uploads\/2017\/02\/IMG_6273.jpg","type":"","width":"","height":""}],"author":"Franck DEBREILLY","twitter_card":"summary_large_image","twitter_misc":{"\u00c9crit par":"Franck DEBREILLY","Dur\u00e9e de lecture estim\u00e9e":"2 minutes"},"schema":{"@context":"https:\/\/schema.org","@graph":[{"@type":"Article","@id":"https:\/\/www.toulouse-tri.com\/?p=2535#article","isPartOf":{"@id":"https:\/\/www.toulouse-tri.com\/?p=2535"},"author":{"name":"Franck DEBREILLY","@id":"https:\/\/www.toulouse-tri.com\/#\/schema\/person\/e6c53339838d167d1f6fd4378df9b2b1"},"headline":"Les bi-turbo, et Vincent, plus forts que le vent","datePublished":"2017-02-12T14:10:05+00:00","dateModified":"2017-11-29T23:15:04+00:00","mainEntityOfPage":{"@id":"https:\/\/www.toulouse-tri.com\/?p=2535"},"wordCount":381,"commentCount":0,"publisher":{"@id":"https:\/\/www.toulouse-tri.com\/#organization"},"image":{"@id":"https:\/\/www.toulouse-tri.com\/?p=2535#primaryimage"},"thumbnailUrl":"http:\/\/www.toulouse-tri.com\/wp-content\/uploads\/2017\/02\/IMG_6273.jpg","keywords":["Course \u00e0 pied","Relais"],"articleSection":["Compte-rendus"],"inLanguage":"fr-FR","potentialAction":[{"@type":"CommentAction","name":"Comment","target":["https:\/\/www.toulouse-tri.com\/?p=2535#respond"]}]},{"@type":"WebPage","@id":"https:\/\/www.toulouse-tri.com\/?p=2535","url":"https:\/\/www.toulouse-tri.com\/?p=2535","name":"Les bi-turbo, et Vincent, plus forts que le vent - Toulouse Triathlon","isPartOf":{"@id":"https:\/\/www.toulouse-tri.com\/#website"},"primaryImageOfPage":{"@id":"https:\/\/www.toulouse-tri.com\/?p=2535#primaryimage"},"image":{"@id":"https:\/\/www.toulouse-tri.com\/?p=2535#primaryimage"},"thumbnailUrl":"http:\/\/www.toulouse-tri.com\/wp-content\/uploads\/2017\/02\/IMG_6273.jpg","datePublished":"2017-02-12T14:10:05+00:00","dateModified":"2017-11-29T23:15:04+00:00","breadcrumb":{"@id":"https:\/\/www.toulouse-tri.com\/?p=2535#breadcrumb"},"inLanguage":"fr-FR","potentialAction":[{"@type":"ReadAction","target":["https:\/\/www.toulouse-tri.com\/?p=2535"]}]},{"@type":"ImageObject","inLanguage":"fr-FR","@id":"https:\/\/www.toulouse-tri.com\/?p=2535#primaryimage","url":"https:\/\/www.toulouse-tri.com\/wp-content\/uploads\/2017\/02\/IMG_6273.jpg","contentUrl":"https:\/\/www.toulouse-tri.com\/wp-content\/uploads\/2017\/02\/IMG_6273.jpg","width":1920,"height":1280,"caption":"Trois vachettes bi-turbo qui volent vers l'arriv\u00e9e... et une belle victoire en Master 2"},{"@type":"BreadcrumbList","@id":"https:\/\/www.toulouse-tri.com\/?p=2535#breadcrumb","itemListElement":[{"@type":"ListItem","position":1,"name":"Accueil","item":"https:\/\/www.toulouse-tri.com\/"},{"@type":"ListItem","position":2,"name":"Les bi-turbo, et Vincent, plus forts que le vent"}]},{"@type":"WebSite","@id":"https:\/\/www.toulouse-tri.com\/#website","url":"https:\/\/www.toulouse-tri.com\/","name":"Toulouse Triathlon","description":"Power Meuh","publisher":{"@id":"https:\/\/www.toulouse-tri.com\/#organization"},"potentialAction":[{"@type":"SearchAction","target":{"@type":"EntryPoint","urlTemplate":"https:\/\/www.toulouse-tri.com\/?s={search_term_string}"},"query-input":{"@type":"PropertyValueSpecification","valueRequired":true,"valueName":"search_term_string"}}],"inLanguage":"fr-FR"},{"@type":"Organization","@id":"https:\/\/www.toulouse-tri.com\/#organization","name":"Toulouse Triathlon","url":"https:\/\/www.toulouse-tri.com\/","logo":{"@type":"ImageObject","inLanguage":"fr-FR","@id":"https:\/\/www.toulouse-tri.com\/#\/schema\/logo\/image\/","url":"https:\/\/www.toulouse-tri.com\/wp-content\/uploads\/2015\/03\/pwrmeuh.gif","contentUrl":"https:\/\/www.toulouse-tri.com\/wp-content\/uploads\/2015\/03\/pwrmeuh.gif","width":224,"height":176,"caption":"Toulouse Triathlon"},"image":{"@id":"https:\/\/www.toulouse-tri.com\/#\/schema\/logo\/image\/"}},{"@type":"Person","@id":"https:\/\/www.toulouse-tri.com\/#\/schema\/person\/e6c53339838d167d1f6fd4378df9b2b1","name":"Franck DEBREILLY","image":{"@type":"ImageObject","inLanguage":"fr-FR","@id":"https:\/\/secure.gravatar.com\/avatar\/ab429b01a2537e09b4b6629abbe097c5f0d6b5653008dc71b5d257fcec8d88e0?s=96&d=wavatar&r=g","url":"https:\/\/secure.gravatar.com\/avatar\/ab429b01a2537e09b4b6629abbe097c5f0d6b5653008dc71b5d257fcec8d88e0?s=96&d=wavatar&r=g","contentUrl":"https:\/\/secure.gravatar.com\/avatar\/ab429b01a2537e09b4b6629abbe097c5f0d6b5653008dc71b5d257fcec8d88e0?s=96&d=wavatar&r=g","caption":"Franck DEBREILLY"},"description":"Quand je ne m'entra\u00eene pas, je fais des jeux de soci\u00e9t\u00e9, et des voyages, \u00e0 pied de pr\u00e9f\u00e9rence (du genre http:\/\/gr10fk.free.fr)","url":"https:\/\/www.toulouse-tri.com\/?author=601"}]}},"_links":{"self":[{"href":"https:\/\/www.toulouse-tri.com\/index.php?rest_route=\/wp\/v2\/posts\/2535","targetHints":{"allow":["GET"]}}],"collection":[{"href":"https:\/\/www.toulouse-tri.com\/index.php?rest_route=\/wp\/v2\/posts"}],"about":[{"href":"https:\/\/www.toulouse-tri.com\/index.php?rest_route=\/wp\/v2\/types\/post"}],"author":[{"embeddable":true,"href":"https:\/\/www.toulouse-tri.com\/index.php?rest_route=\/wp\/v2\/users\/601"}],"replies":[{"embeddable":true,"href":"https:\/\/www.toulouse-tri.com\/index.php?rest_route=%2Fwp%2Fv2%2Fcomments&post=2535"}],"version-history":[{"count":4,"href":"https:\/\/www.toulouse-tri.com\/index.php?rest_route=\/wp\/v2\/posts\/2535\/revisions"}],"predecessor-version":[{"id":3710,"href":"https:\/\/www.toulouse-tri.com\/index.php?rest_route=\/wp\/v2\/posts\/2535\/revisions\/3710"}],"wp:attachment":[{"href":"https:\/\/www.toulouse-tri.com\/index.php?rest_route=%2Fwp%2Fv2%2Fmedia&parent=2535"}],"wp:term":[{"taxonomy":"category","embeddable":true,"href":"https:\/\/www.toulouse-tri.com\/index.php?rest_route=%2Fwp%2Fv2%2Fcategories&post=2535"},{"taxonomy":"post_tag","embeddable":true,"href":"https:\/\/www.toulouse-tri.com\/index.php?rest_route=%2Fwp%2Fv2%2Ftags&post=2535"}],"curies":[{"name":"wp","href":"https:\/\/api.w.org\/{rel}","templated":true}]}}