{"id":2516,"date":"2017-02-06T15:26:36","date_gmt":"2017-02-06T14:26:36","guid":{"rendered":"http:\/\/www.toulouse-tri.com\/?p=2516"},"modified":"2017-11-30T00:15:09","modified_gmt":"2017-11-29T23:15:09","slug":"coup-double-vachettes-boue-de-bouconne","status":"publish","type":"post","link":"https:\/\/www.toulouse-tri.com\/?p=2516","title":{"rendered":"Coup double des vachettes dans la boue de Bouconne"},"content":{"rendered":"<p>Cette ann\u00e9e, il en fallait, du courage, encore plus que d&#8217;habitude, pour s&#8217;aligner au d\u00e9part du Forest Trail.<br \/>\nOutre le fait, qui n&#8217;est pas une surprise, que la course est nocturne, la m\u00e9t\u00e9o avait g\u00e2t\u00e9 les participant(e)s avec la queue des temp\u00eates successives balayant la c\u00f4te Ouest, et donc de la pluie, de la boue, \u00e0 ne plus savoir qu&#8217;en faire.<\/p>\n<p>Mais ces conditions n&#8217;effrayent pas les vachettes, du moins par toutes (il y a eu quelques non-partant(e)s dans le troupeau tout de m\u00eame), et le Toulouse Triathlon \u00e9tait largement repr\u00e9sent\u00e9 par 11 tr(<em>a)<\/em>i(<em>l)<\/em>athl\u00e8tes :<\/p>\n<ul>\n<li>Sur l&#8217;\u00e9preuve ultime de 42 km, la <a href=\"http:\/\/www.toulouse-tri.com\/?page_id=1944&amp;id=20170206113233\" target=\"_blank\" rel=\"noopener\">Supernova<\/a>, apr\u00e8s le forfait de <a href=\"http:\/\/www.toulouse-tri.com\/?page_id=2155&amp;id=459\" target=\"_blank\" rel=\"noopener\">Bastien<\/a>, il ne restait que guerrier viking <a href=\"http:\/\/www.toulouse-tri.com\/?page_id=2155&amp;id=627\" target=\"_blank\" rel=\"noopener\"><span style=\"text-decoration: underline;\">Nicolas Huard<\/span><\/a>, qui a eu le renfort de <span style=\"text-decoration: underline;\"><a href=\"http:\/\/www.toulouse-tri.com\/?page_id=2155&amp;id=398\" target=\"_blank\" rel=\"noopener\">Mathieu Vogel<\/a><\/span> et d&#8217;<a href=\"http:\/\/www.toulouse-tri.com\/?page_id=2155&amp;id=567\" target=\"_blank\" rel=\"noopener\"><span style=\"text-decoration: underline;\">Angel Vaquier<\/span><\/a>, align\u00e9s sur le premier relais de la <a href=\"http:\/\/www.toulouse-tri.com\/?page_id=1944&amp;id=20170206113122\" target=\"_blank\" rel=\"noopener\">version en duo<\/a><\/li>\n<li><span style=\"text-decoration: underline;\"><a href=\"http:\/\/www.toulouse-tri.com\/?page_id=2155&amp;id=224\" target=\"_blank\" rel=\"noopener\">Erika Sallet<\/a><\/span>, <a href=\"http:\/\/www.toulouse-tri.com\/?page_id=2155&amp;id=748\" target=\"_blank\" rel=\"noopener\"><span style=\"text-decoration: underline;\">Vanessa Domeizel<\/span><\/a> et <a href=\"http:\/\/www.toulouse-tri.com\/?page_id=2155&amp;id=207\" target=\"_blank\" rel=\"noopener\"><span style=\"text-decoration: underline;\">Julien Lemond<\/span><\/a> avaient eu choisi comme plat de r\u00e9sistance la <a href=\"http:\/\/www.toulouse-tri.com\/?page_id=1944&amp;id=20170206113009\" target=\"_blank\" rel=\"noopener\">N\u00e9buleuse<\/a> de 25 km<\/li>\n<li><a href=\"http:\/\/www.toulouse-tri.com\/?page_id=2155&amp;id=240\" target=\"_blank\" rel=\"noopener\"><span style=\"text-decoration: underline;\">Nicolas Bousquet<\/span><\/a> avait pr\u00e9f\u00e9r\u00e9 la <a href=\"http:\/\/www.toulouse-tri.com\/?page_id=1944&amp;id=20170206112727\" target=\"_blank\" rel=\"noopener\">M\u00e9t\u00e9ore<\/a> et ses 18 km<\/li>\n<li>Enfin sur la <a href=\"http:\/\/www.toulouse-tri.com\/?page_id=1944&amp;id=20170206111823\" target=\"_blank\" rel=\"noopener\">Com\u00e8te<\/a>, la plus courte \u00e9preuve, de 12 km, concourraient <span style=\"text-decoration: underline;\"><a href=\"http:\/\/www.toulouse-tri.com\/?page_id=2155&amp;id=355\" target=\"_blank\" rel=\"noopener\">Aur\u00e9lien Crosnier<\/a><\/span> et <a href=\"http:\/\/www.toulouse-tri.com\/?page_id=2155&amp;id=447\" target=\"_blank\" rel=\"noopener\"><span style=\"text-decoration: underline;\">Wilfried Laurent<\/span><\/a><\/li>\n<\/ul>\n<p>Ce qui en faisait du monde \u00e0 l&#8217;arriv\u00e9e pour pouvoir applaudir les deux vachettes prim\u00e9es de la nuit :<\/p>\n<ul>\n<li>Tout d&#8217;abord <a href=\"http:\/\/www.toulouse-tri.com\/?page_id=2155&amp;id=547\" target=\"_blank\" rel=\"noopener\"><span style=\"text-decoration: underline;\">Ga\u00eblle Le Roch<\/span><\/a>, dont le surnom pourrait rapidement devenir &#8220;Miss 100 %&#8221;, puisqu&#8217;\u00e0 chaque sortie ou presque elle finit sur la bo\u00eete, au scratch ou dans sa cat\u00e9gorie, et qui, apr\u00e8s deux ans sur la deuxi\u00e8me marche, continue sa longue histoire avec le Forest Trail en se retrouvant troisi\u00e8me de sa course f\u00e9tiche, la <a href=\"http:\/\/www.toulouse-tri.com\/?page_id=1944&amp;id=20170206112727\" target=\"_blank\" rel=\"noopener\">M\u00e9t\u00e9ore<\/a><\/li>\n<li>Et <a href=\"http:\/\/www.toulouse-tri.com\/?page_id=2155&amp;id=400\" target=\"_blank\" rel=\"noopener\"><span style=\"text-decoration: underline;\">Vincent Guardia<\/span><\/a>, qui, deux mois jour pour jour <a href=\"http:\/\/www.toulouse-tri.com\/?p=2195\" target=\"_blank\" rel=\"noopener\">apr\u00e8s sa premi\u00e8re victoire<\/a>, s&#8217;en offre une deuxi\u00e8me sur la <a href=\"http:\/\/www.toulouse-tri.com\/?page_id=1944&amp;id=20170206111823\" target=\"_blank\" rel=\"noopener\">Com\u00e8te<\/a>, au classement masculin puisque, c&#8217;est \u00e0 noter, c&#8217;est l&#8217;intenable Myl\u00e8ne Bacon qui r\u00e8gle tout le monde au scratch<\/li>\n<\/ul>\n<p>Double podium, en tout cas, et donc une tr\u00e8s belle soir\u00e9e pour le Toulouse Tri sous la halle de L\u00e9vignac !<\/p>\n<table>\n<tbody>\n<tr>\n<td style=\"text-align: center;\">\n<p><figure id=\"attachment_2518\" aria-describedby=\"caption-attachment-2518\" style=\"width: 335px\" class=\"wp-caption aligncenter\"><a href=\"http:\/\/www.toulouse-tri.com\/wp-content\/uploads\/2017\/02\/Forest-Trail-2017-Podium-Ga\u00eblle.jpg\"><img loading=\"lazy\" decoding=\"async\" class=\"wp-image-2518\" src=\"http:\/\/www.toulouse-tri.com\/wp-content\/uploads\/2017\/02\/Forest-Trail-2017-Podium-Ga\u00eblle-223x300.jpg\" alt=\"Forest Trail 2017 - Podium Ga\u00eblle\" width=\"335\" height=\"450\" srcset=\"https:\/\/www.toulouse-tri.com\/wp-content\/uploads\/2017\/02\/Forest-Trail-2017-Podium-Ga\u00eblle-223x300.jpg 223w, https:\/\/www.toulouse-tri.com\/wp-content\/uploads\/2017\/02\/Forest-Trail-2017-Podium-Ga\u00eblle-400x538.jpg 400w, https:\/\/www.toulouse-tri.com\/wp-content\/uploads\/2017\/02\/Forest-Trail-2017-Podium-Ga\u00eblle.jpg 714w\" sizes=\"auto, (max-width: 335px) 100vw, 335px\" \/><\/a><figcaption id=\"caption-attachment-2518\" class=\"wp-caption-text\"><a href=\"http:\/\/www.toulouse-tri.com\/?page_id=2155&amp;id=547\" target=\"_blank\" rel=\"noopener\">Ga\u00eblle<\/a>, 3e de la M\u00e9t\u00e9ore<\/figcaption><\/figure><\/td>\n<td>\n<p><figure id=\"attachment_2519\" aria-describedby=\"caption-attachment-2519\" style=\"width: 335px\" class=\"wp-caption aligncenter\"><a href=\"http:\/\/www.toulouse-tri.com\/wp-content\/uploads\/2017\/02\/Forest-Trail-2017-Podium-Vincent.jpg\"><img loading=\"lazy\" decoding=\"async\" class=\"wp-image-2519\" src=\"http:\/\/www.toulouse-tri.com\/wp-content\/uploads\/2017\/02\/Forest-Trail-2017-Podium-Vincent-223x300.jpg\" alt=\"Forest Trail 2017 - Podium Vincent\" width=\"335\" height=\"450\" srcset=\"https:\/\/www.toulouse-tri.com\/wp-content\/uploads\/2017\/02\/Forest-Trail-2017-Podium-Vincent-223x300.jpg 223w, https:\/\/www.toulouse-tri.com\/wp-content\/uploads\/2017\/02\/Forest-Trail-2017-Podium-Vincent-400x537.jpg 400w, https:\/\/www.toulouse-tri.com\/wp-content\/uploads\/2017\/02\/Forest-Trail-2017-Podium-Vincent-768x1032.jpg 768w, https:\/\/www.toulouse-tri.com\/wp-content\/uploads\/2017\/02\/Forest-Trail-2017-Podium-Vincent-762x1024.jpg 762w, https:\/\/www.toulouse-tri.com\/wp-content\/uploads\/2017\/02\/Forest-Trail-2017-Podium-Vincent.jpg 1072w\" sizes=\"auto, (max-width: 335px) 100vw, 335px\" \/><\/a><figcaption id=\"caption-attachment-2519\" class=\"wp-caption-text\"><a href=\"http:\/\/www.toulouse-tri.com\/?page_id=2155&amp;id=400\" target=\"_blank\" rel=\"noopener\">Vincent<\/a>, vainqueur (boueux !) de la Com\u00e8te<\/figcaption><\/figure><\/td>\n<\/tr>\n<\/tbody>\n<\/table>\n","protected":false},"excerpt":{"rendered":"<p>11 vachettes participaient aux 4+1 courses du Forest Trail, et parmi elles, Ga\u00eblle Le Roch finit 3e du 18 km et Vincent Guardia remporte le 12 km.<\/p>\n","protected":false},"author":601,"featured_media":0,"comment_status":"open","ping_status":"open","sticky":false,"template":"","format":"standard","meta":{"footnotes":"","_links_to":"","_links_to_target":""},"categories":[84],"tags":[71],"class_list":["post-2516","post","type-post","status-publish","format-standard","hentry","category-compte-rendus","tag-trail"],"yoast_head":"<!-- This site is optimized with the Yoast SEO plugin v27.4 - https:\/\/yoast.com\/product\/yoast-seo-wordpress\/ -->\n<title>Coup double des vachettes dans la boue de Bouconne - Toulouse Triathlon<\/title>\n<meta name=\"robots\" content=\"index, follow, max-snippet:-1, max-image-preview:large, max-video-preview:-1\" \/>\n<link rel=\"canonical\" href=\"https:\/\/www.toulouse-tri.com\/?p=2516\" \/>\n<meta property=\"og:locale\" content=\"fr_FR\" \/>\n<meta property=\"og:type\" content=\"article\" \/>\n<meta property=\"og:title\" content=\"Coup double des vachettes dans la boue de Bouconne - Toulouse Triathlon\" \/>\n<meta property=\"og:description\" content=\"11 vachettes participaient aux 4+1 courses du Forest Trail, et parmi elles, Ga\u00eblle Le Roch finit 3e du 18 km et Vincent Guardia remporte le 12 km.\" \/>\n<meta property=\"og:url\" content=\"https:\/\/www.toulouse-tri.com\/?p=2516\" \/>\n<meta property=\"og:site_name\" content=\"Toulouse Triathlon\" \/>\n<meta property=\"article:published_time\" content=\"2017-02-06T14:26:36+00:00\" \/>\n<meta property=\"article:modified_time\" content=\"2017-11-29T23:15:09+00:00\" \/>\n<meta property=\"og:image\" content=\"http:\/\/www.toulouse-tri.com\/wp-content\/uploads\/2017\/02\/Forest-Trail-2017-Podium-Ga\u00eblle-223x300.jpg\" \/>\n<meta name=\"author\" content=\"Franck DEBREILLY\" \/>\n<meta name=\"twitter:card\" content=\"summary_large_image\" \/>\n<meta name=\"twitter:label1\" content=\"\u00c9crit par\" \/>\n\t<meta name=\"twitter:data1\" content=\"Franck DEBREILLY\" \/>\n\t<meta name=\"twitter:label2\" content=\"Dur\u00e9e de lecture estim\u00e9e\" \/>\n\t<meta name=\"twitter:data2\" content=\"2 minutes\" \/>\n<script type=\"application\/ld+json\" class=\"yoast-schema-graph\">{\"@context\":\"https:\\\/\\\/schema.org\",\"@graph\":[{\"@type\":\"Article\",\"@id\":\"https:\\\/\\\/www.toulouse-tri.com\\\/?p=2516#article\",\"isPartOf\":{\"@id\":\"https:\\\/\\\/www.toulouse-tri.com\\\/?p=2516\"},\"author\":{\"name\":\"Franck DEBREILLY\",\"@id\":\"https:\\\/\\\/www.toulouse-tri.com\\\/#\\\/schema\\\/person\\\/e6c53339838d167d1f6fd4378df9b2b1\"},\"headline\":\"Coup double des vachettes dans la boue de Bouconne\",\"datePublished\":\"2017-02-06T14:26:36+00:00\",\"dateModified\":\"2017-11-29T23:15:09+00:00\",\"mainEntityOfPage\":{\"@id\":\"https:\\\/\\\/www.toulouse-tri.com\\\/?p=2516\"},\"wordCount\":404,\"commentCount\":0,\"publisher\":{\"@id\":\"https:\\\/\\\/www.toulouse-tri.com\\\/#organization\"},\"image\":{\"@id\":\"https:\\\/\\\/www.toulouse-tri.com\\\/?p=2516#primaryimage\"},\"thumbnailUrl\":\"http:\\\/\\\/www.toulouse-tri.com\\\/wp-content\\\/uploads\\\/2017\\\/02\\\/Forest-Trail-2017-Podium-Vincent-223x300.jpg\",\"keywords\":[\"Trail\"],\"articleSection\":[\"Compte-rendus\"],\"inLanguage\":\"fr-FR\",\"potentialAction\":[{\"@type\":\"CommentAction\",\"name\":\"Comment\",\"target\":[\"https:\\\/\\\/www.toulouse-tri.com\\\/?p=2516#respond\"]}]},{\"@type\":\"WebPage\",\"@id\":\"https:\\\/\\\/www.toulouse-tri.com\\\/?p=2516\",\"url\":\"https:\\\/\\\/www.toulouse-tri.com\\\/?p=2516\",\"name\":\"Coup double des vachettes dans la boue de Bouconne - Toulouse Triathlon\",\"isPartOf\":{\"@id\":\"https:\\\/\\\/www.toulouse-tri.com\\\/#website\"},\"primaryImageOfPage\":{\"@id\":\"https:\\\/\\\/www.toulouse-tri.com\\\/?p=2516#primaryimage\"},\"image\":{\"@id\":\"https:\\\/\\\/www.toulouse-tri.com\\\/?p=2516#primaryimage\"},\"thumbnailUrl\":\"http:\\\/\\\/www.toulouse-tri.com\\\/wp-content\\\/uploads\\\/2017\\\/02\\\/Forest-Trail-2017-Podium-Vincent-223x300.jpg\",\"datePublished\":\"2017-02-06T14:26:36+00:00\",\"dateModified\":\"2017-11-29T23:15:09+00:00\",\"breadcrumb\":{\"@id\":\"https:\\\/\\\/www.toulouse-tri.com\\\/?p=2516#breadcrumb\"},\"inLanguage\":\"fr-FR\",\"potentialAction\":[{\"@type\":\"ReadAction\",\"target\":[\"https:\\\/\\\/www.toulouse-tri.com\\\/?p=2516\"]}]},{\"@type\":\"ImageObject\",\"inLanguage\":\"fr-FR\",\"@id\":\"https:\\\/\\\/www.toulouse-tri.com\\\/?p=2516#primaryimage\",\"url\":\"https:\\\/\\\/www.toulouse-tri.com\\\/wp-content\\\/uploads\\\/2017\\\/02\\\/Forest-Trail-2017-Podium-Vincent.jpg\",\"contentUrl\":\"https:\\\/\\\/www.toulouse-tri.com\\\/wp-content\\\/uploads\\\/2017\\\/02\\\/Forest-Trail-2017-Podium-Vincent.jpg\",\"width\":1072,\"height\":1440,\"caption\":\"Vincent, vainqueur de la Com\u00e8te\"},{\"@type\":\"BreadcrumbList\",\"@id\":\"https:\\\/\\\/www.toulouse-tri.com\\\/?p=2516#breadcrumb\",\"itemListElement\":[{\"@type\":\"ListItem\",\"position\":1,\"name\":\"Accueil\",\"item\":\"https:\\\/\\\/www.toulouse-tri.com\\\/\"},{\"@type\":\"ListItem\",\"position\":2,\"name\":\"Coup double des vachettes dans la boue de Bouconne\"}]},{\"@type\":\"WebSite\",\"@id\":\"https:\\\/\\\/www.toulouse-tri.com\\\/#website\",\"url\":\"https:\\\/\\\/www.toulouse-tri.com\\\/\",\"name\":\"Toulouse Triathlon\",\"description\":\"Power Meuh\",\"publisher\":{\"@id\":\"https:\\\/\\\/www.toulouse-tri.com\\\/#organization\"},\"potentialAction\":[{\"@type\":\"SearchAction\",\"target\":{\"@type\":\"EntryPoint\",\"urlTemplate\":\"https:\\\/\\\/www.toulouse-tri.com\\\/?s={search_term_string}\"},\"query-input\":{\"@type\":\"PropertyValueSpecification\",\"valueRequired\":true,\"valueName\":\"search_term_string\"}}],\"inLanguage\":\"fr-FR\"},{\"@type\":\"Organization\",\"@id\":\"https:\\\/\\\/www.toulouse-tri.com\\\/#organization\",\"name\":\"Toulouse Triathlon\",\"url\":\"https:\\\/\\\/www.toulouse-tri.com\\\/\",\"logo\":{\"@type\":\"ImageObject\",\"inLanguage\":\"fr-FR\",\"@id\":\"https:\\\/\\\/www.toulouse-tri.com\\\/#\\\/schema\\\/logo\\\/image\\\/\",\"url\":\"https:\\\/\\\/www.toulouse-tri.com\\\/wp-content\\\/uploads\\\/2015\\\/03\\\/pwrmeuh.gif\",\"contentUrl\":\"https:\\\/\\\/www.toulouse-tri.com\\\/wp-content\\\/uploads\\\/2015\\\/03\\\/pwrmeuh.gif\",\"width\":224,\"height\":176,\"caption\":\"Toulouse Triathlon\"},\"image\":{\"@id\":\"https:\\\/\\\/www.toulouse-tri.com\\\/#\\\/schema\\\/logo\\\/image\\\/\"}},{\"@type\":\"Person\",\"@id\":\"https:\\\/\\\/www.toulouse-tri.com\\\/#\\\/schema\\\/person\\\/e6c53339838d167d1f6fd4378df9b2b1\",\"name\":\"Franck DEBREILLY\",\"image\":{\"@type\":\"ImageObject\",\"inLanguage\":\"fr-FR\",\"@id\":\"https:\\\/\\\/secure.gravatar.com\\\/avatar\\\/ab429b01a2537e09b4b6629abbe097c5f0d6b5653008dc71b5d257fcec8d88e0?s=96&d=wavatar&r=g\",\"url\":\"https:\\\/\\\/secure.gravatar.com\\\/avatar\\\/ab429b01a2537e09b4b6629abbe097c5f0d6b5653008dc71b5d257fcec8d88e0?s=96&d=wavatar&r=g\",\"contentUrl\":\"https:\\\/\\\/secure.gravatar.com\\\/avatar\\\/ab429b01a2537e09b4b6629abbe097c5f0d6b5653008dc71b5d257fcec8d88e0?s=96&d=wavatar&r=g\",\"caption\":\"Franck DEBREILLY\"},\"description\":\"Quand je ne m'entra\u00eene pas, je fais des jeux de soci\u00e9t\u00e9, et des voyages, \u00e0 pied de pr\u00e9f\u00e9rence (du genre http:\\\/\\\/gr10fk.free.fr)\",\"url\":\"https:\\\/\\\/www.toulouse-tri.com\\\/?author=601\"}]}<\/script>\n<!-- \/ Yoast SEO plugin. -->","yoast_head_json":{"title":"Coup double des vachettes dans la boue de Bouconne - Toulouse Triathlon","robots":{"index":"index","follow":"follow","max-snippet":"max-snippet:-1","max-image-preview":"max-image-preview:large","max-video-preview":"max-video-preview:-1"},"canonical":"https:\/\/www.toulouse-tri.com\/?p=2516","og_locale":"fr_FR","og_type":"article","og_title":"Coup double des vachettes dans la boue de Bouconne - Toulouse Triathlon","og_description":"11 vachettes participaient aux 4+1 courses du Forest Trail, et parmi elles, Ga\u00eblle Le Roch finit 3e du 18 km et Vincent Guardia remporte le 12 km.","og_url":"https:\/\/www.toulouse-tri.com\/?p=2516","og_site_name":"Toulouse Triathlon","article_published_time":"2017-02-06T14:26:36+00:00","article_modified_time":"2017-11-29T23:15:09+00:00","og_image":[{"url":"http:\/\/www.toulouse-tri.com\/wp-content\/uploads\/2017\/02\/Forest-Trail-2017-Podium-Ga\u00eblle-223x300.jpg","type":"","width":"","height":""}],"author":"Franck DEBREILLY","twitter_card":"summary_large_image","twitter_misc":{"\u00c9crit par":"Franck DEBREILLY","Dur\u00e9e de lecture estim\u00e9e":"2 minutes"},"schema":{"@context":"https:\/\/schema.org","@graph":[{"@type":"Article","@id":"https:\/\/www.toulouse-tri.com\/?p=2516#article","isPartOf":{"@id":"https:\/\/www.toulouse-tri.com\/?p=2516"},"author":{"name":"Franck DEBREILLY","@id":"https:\/\/www.toulouse-tri.com\/#\/schema\/person\/e6c53339838d167d1f6fd4378df9b2b1"},"headline":"Coup double des vachettes dans la boue de Bouconne","datePublished":"2017-02-06T14:26:36+00:00","dateModified":"2017-11-29T23:15:09+00:00","mainEntityOfPage":{"@id":"https:\/\/www.toulouse-tri.com\/?p=2516"},"wordCount":404,"commentCount":0,"publisher":{"@id":"https:\/\/www.toulouse-tri.com\/#organization"},"image":{"@id":"https:\/\/www.toulouse-tri.com\/?p=2516#primaryimage"},"thumbnailUrl":"http:\/\/www.toulouse-tri.com\/wp-content\/uploads\/2017\/02\/Forest-Trail-2017-Podium-Vincent-223x300.jpg","keywords":["Trail"],"articleSection":["Compte-rendus"],"inLanguage":"fr-FR","potentialAction":[{"@type":"CommentAction","name":"Comment","target":["https:\/\/www.toulouse-tri.com\/?p=2516#respond"]}]},{"@type":"WebPage","@id":"https:\/\/www.toulouse-tri.com\/?p=2516","url":"https:\/\/www.toulouse-tri.com\/?p=2516","name":"Coup double des vachettes dans la boue de Bouconne - Toulouse Triathlon","isPartOf":{"@id":"https:\/\/www.toulouse-tri.com\/#website"},"primaryImageOfPage":{"@id":"https:\/\/www.toulouse-tri.com\/?p=2516#primaryimage"},"image":{"@id":"https:\/\/www.toulouse-tri.com\/?p=2516#primaryimage"},"thumbnailUrl":"http:\/\/www.toulouse-tri.com\/wp-content\/uploads\/2017\/02\/Forest-Trail-2017-Podium-Vincent-223x300.jpg","datePublished":"2017-02-06T14:26:36+00:00","dateModified":"2017-11-29T23:15:09+00:00","breadcrumb":{"@id":"https:\/\/www.toulouse-tri.com\/?p=2516#breadcrumb"},"inLanguage":"fr-FR","potentialAction":[{"@type":"ReadAction","target":["https:\/\/www.toulouse-tri.com\/?p=2516"]}]},{"@type":"ImageObject","inLanguage":"fr-FR","@id":"https:\/\/www.toulouse-tri.com\/?p=2516#primaryimage","url":"https:\/\/www.toulouse-tri.com\/wp-content\/uploads\/2017\/02\/Forest-Trail-2017-Podium-Vincent.jpg","contentUrl":"https:\/\/www.toulouse-tri.com\/wp-content\/uploads\/2017\/02\/Forest-Trail-2017-Podium-Vincent.jpg","width":1072,"height":1440,"caption":"Vincent, vainqueur de la Com\u00e8te"},{"@type":"BreadcrumbList","@id":"https:\/\/www.toulouse-tri.com\/?p=2516#breadcrumb","itemListElement":[{"@type":"ListItem","position":1,"name":"Accueil","item":"https:\/\/www.toulouse-tri.com\/"},{"@type":"ListItem","position":2,"name":"Coup double des vachettes dans la boue de Bouconne"}]},{"@type":"WebSite","@id":"https:\/\/www.toulouse-tri.com\/#website","url":"https:\/\/www.toulouse-tri.com\/","name":"Toulouse Triathlon","description":"Power Meuh","publisher":{"@id":"https:\/\/www.toulouse-tri.com\/#organization"},"potentialAction":[{"@type":"SearchAction","target":{"@type":"EntryPoint","urlTemplate":"https:\/\/www.toulouse-tri.com\/?s={search_term_string}"},"query-input":{"@type":"PropertyValueSpecification","valueRequired":true,"valueName":"search_term_string"}}],"inLanguage":"fr-FR"},{"@type":"Organization","@id":"https:\/\/www.toulouse-tri.com\/#organization","name":"Toulouse Triathlon","url":"https:\/\/www.toulouse-tri.com\/","logo":{"@type":"ImageObject","inLanguage":"fr-FR","@id":"https:\/\/www.toulouse-tri.com\/#\/schema\/logo\/image\/","url":"https:\/\/www.toulouse-tri.com\/wp-content\/uploads\/2015\/03\/pwrmeuh.gif","contentUrl":"https:\/\/www.toulouse-tri.com\/wp-content\/uploads\/2015\/03\/pwrmeuh.gif","width":224,"height":176,"caption":"Toulouse Triathlon"},"image":{"@id":"https:\/\/www.toulouse-tri.com\/#\/schema\/logo\/image\/"}},{"@type":"Person","@id":"https:\/\/www.toulouse-tri.com\/#\/schema\/person\/e6c53339838d167d1f6fd4378df9b2b1","name":"Franck DEBREILLY","image":{"@type":"ImageObject","inLanguage":"fr-FR","@id":"https:\/\/secure.gravatar.com\/avatar\/ab429b01a2537e09b4b6629abbe097c5f0d6b5653008dc71b5d257fcec8d88e0?s=96&d=wavatar&r=g","url":"https:\/\/secure.gravatar.com\/avatar\/ab429b01a2537e09b4b6629abbe097c5f0d6b5653008dc71b5d257fcec8d88e0?s=96&d=wavatar&r=g","contentUrl":"https:\/\/secure.gravatar.com\/avatar\/ab429b01a2537e09b4b6629abbe097c5f0d6b5653008dc71b5d257fcec8d88e0?s=96&d=wavatar&r=g","caption":"Franck DEBREILLY"},"description":"Quand je ne m'entra\u00eene pas, je fais des jeux de soci\u00e9t\u00e9, et des voyages, \u00e0 pied de pr\u00e9f\u00e9rence (du genre http:\/\/gr10fk.free.fr)","url":"https:\/\/www.toulouse-tri.com\/?author=601"}]}},"_links":{"self":[{"href":"https:\/\/www.toulouse-tri.com\/index.php?rest_route=\/wp\/v2\/posts\/2516","targetHints":{"allow":["GET"]}}],"collection":[{"href":"https:\/\/www.toulouse-tri.com\/index.php?rest_route=\/wp\/v2\/posts"}],"about":[{"href":"https:\/\/www.toulouse-tri.com\/index.php?rest_route=\/wp\/v2\/types\/post"}],"author":[{"embeddable":true,"href":"https:\/\/www.toulouse-tri.com\/index.php?rest_route=\/wp\/v2\/users\/601"}],"replies":[{"embeddable":true,"href":"https:\/\/www.toulouse-tri.com\/index.php?rest_route=%2Fwp%2Fv2%2Fcomments&post=2516"}],"version-history":[{"count":8,"href":"https:\/\/www.toulouse-tri.com\/index.php?rest_route=\/wp\/v2\/posts\/2516\/revisions"}],"predecessor-version":[{"id":3711,"href":"https:\/\/www.toulouse-tri.com\/index.php?rest_route=\/wp\/v2\/posts\/2516\/revisions\/3711"}],"wp:attachment":[{"href":"https:\/\/www.toulouse-tri.com\/index.php?rest_route=%2Fwp%2Fv2%2Fmedia&parent=2516"}],"wp:term":[{"taxonomy":"category","embeddable":true,"href":"https:\/\/www.toulouse-tri.com\/index.php?rest_route=%2Fwp%2Fv2%2Fcategories&post=2516"},{"taxonomy":"post_tag","embeddable":true,"href":"https:\/\/www.toulouse-tri.com\/index.php?rest_route=%2Fwp%2Fv2%2Ftags&post=2516"}],"curies":[{"name":"wp","href":"https:\/\/api.w.org\/{rel}","templated":true}]}}