{"id":12323,"date":"2022-10-07T17:25:30","date_gmt":"2022-10-07T15:25:30","guid":{"rendered":"https:\/\/www.toulouse-tri.com\/?p=12323"},"modified":"2022-10-08T10:39:37","modified_gmt":"2022-10-08T08:39:37","slug":"qualifies-2","status":"publish","type":"post","link":"https:\/\/www.toulouse-tri.com\/?p=12323","title":{"rendered":"Qualifi\u00e9s !"},"content":{"rendered":"\n<p>Le Toulouse Triathlon s&#8217;enorgueillit d&#8217;\u00eatre un <strong><a href=\"https:\/\/www.toulouse-tri.com\/?page_id=9\">club convivial<\/a><\/strong>, ouvert \u00e0 tous les niveaux, o\u00f9 les d\u00e9butants complets sont les bienvenus et o\u00f9 ils pourront c\u00f4toyer des athl\u00e8tes bien plus entra\u00een\u00e9s, voire des champions.<br>Et cette ann\u00e9e, il faut reconna\u00eetre que c&#8217;est plut\u00f4t un grand cru, avec pas moins de trois qualifications diff\u00e9rentes pour des Championnats du Monde divers et vari\u00e9s. Petite revue de d\u00e9tail dans l&#8217;ordre d&#8217;apparition \u00e0 l&#8217;\u00e9cran.<\/p>\n\n\n\n<h2 class=\"wp-block-heading\">Le challenge du coach<\/h2>\n\n\n\n<p>C&#8217;\u00e9tait tout d\u00e9but avril, du c\u00f4t\u00e9 de Salou, en Espagne, et cela devait \u00eatre le premier dossard en triathlon pour tout le club, <strong><a href=\"https:\/\/www.toulouse-tri.com\/?page_id=2155&amp;id=623\">coach PH<\/a><\/strong> montrant l&#8217;exemple \u00e0 tout son troupeau de vachettes. La nature en a d\u00e9cid\u00e9 autrement avec une natation impraticable, et un triathlon qui devient un duathlon&#8230;<br>Au terme de 5 km de course, les 85 km de v\u00e9lo pr\u00e9vus et le petit semi qui va bien, <strong><a href=\"https:\/\/www.toulouse-tri.com\/?page_id=2155&amp;id=623\">dua-PH<\/a><\/strong> passe la ligne en 4h08 et en 8e position de sa cat\u00e9gorie. Ce qui est tout sauf anodin, car autant sur le circuit Ironman le dernier de la cat\u00e9gorie peut \u00eatre qualifi\u00e9 si personne devant ne veut du jeton, autant sur le circuit Challenge, \u00e7a ne descend pas au-del\u00e0 de la 8e place&#8230; Et c&#8217;est descendu !<\/p>\n\n\n\n<p>Voil\u00e0 donc notre <strong><a href=\"https:\/\/www.toulouse-tri.com\/?page_id=2155&amp;id=623\">PH<\/a><\/strong> qualifi\u00e9 pour &#8220;The Championships&#8221; en Slovaquie fin mai. Sauf que heu, fin mai, en vrai, \u00e7a l&#8217;arrange pas, il a d\u00e9j\u00e0 autre chose en double file, c&#8217;est court pour s&#8217;organiser, tout \u00e7a, tout \u00e7a (on va pas refaire le coach, hein), et donc qu&#8217;au final il a n\u00e9goci\u00e9 un report pour 2023.<br>Ainsi notre premier qualifi\u00e9 de l&#8217;ann\u00e9e sera le dernier \u00e0 s&#8217;\u00e9lancer le <strong><a href=\"https:\/\/www.challenge-family.com\/race\/the-championship\/\">21 mai 2023 en Slovaquie<\/a><\/strong>.<\/p>\n\n\n\n<h2 class=\"wp-block-heading\">Mike rempile pour le Graal<\/h2>\n\n\n\n<p>Il \u00e9tait d\u00e9j\u00e0 en bonne place dans le &#8220;<em><strong><a href=\"https:\/\/www.toulouse-tri.com\/?page_id=138\">Mur de la Gloire<\/a><\/strong><\/em>&#8221; du club parce qu&#8217;il avait d\u00e9j\u00e0 connu le collier \u00e0 fleurs, le jeton que tant de triathl\u00e8tes (\u00e0 commencer par <strong><a href=\"https:\/\/www.toulouse-tri.com\/?page_id=2155&amp;id=6\">notre pr\u00e9sident<\/a><\/strong>) r\u00eavent de toucher un jour, mais il a remis le couvert, douze ans plus tard.<\/p>\n\n\n\n<p>Jamais content de sa pr\u00e9pa, toujours avec un truc qui cloche, <strong><a href=\"https:\/\/www.toulouse-tri.com\/?page_id=2155&amp;id=2\">Mike<\/a><\/strong>, vachette de la premi\u00e8re heure, ne fait pas de bruit. En revanche, quand il met les watts, ses performances parlent pour lui. Et \u00e7a claque.<br>Sans bruit, donc, dans son coin, dans sa bulle, il avait minutieusement pr\u00e9par\u00e9 son coup, et le 26 juin, sur les fameuses pentes du col de Vence, il est d\u00e9j\u00e0 en avance, et il fait tout sauf une promenade sur la promenade des Anglais. Et \u00e0 l&#8217;arriv\u00e9e de l&#8217;<strong><a href=\"https:\/\/www.toulouse-tri.com\/?page_id=1944&amp;id=20220627080150\">IronMan de Nice<\/a><\/strong>, c&#8217;est le bingo, avec un deuxi\u00e8me collier \u00e0 fleurs et le jeton pour Hawa\u00ef.<\/p>\n\n\n\n<p>Rendez-vous est donc pris pour le 8 octobre. Mais cette fois, il y a un passager dans les bagages, puisque <strong><a href=\"https:\/\/www.toulouse-tri.com\/?page_id=2155&amp;id=6\">Roro<\/a><\/strong> n&#8217;aura pas h\u00e9sit\u00e9 bien longtemps pour poser des cong\u00e9s sans solde et pour prendre aussi le billet, pour faire l&#8217;accompagnant, le <strong><a href=\"https:\/\/photos.app.goo.gl\/NcuaEnLTJa9tSTUd9\">photographe officiel<\/a><\/strong> et le supporter de luxe. Et rep\u00e9rer les lieux pour le jour o\u00f9 c&#8217;est lui qui aura le collier, \u00e0 n&#8217;en pas douter&#8230;<\/p>\n\n\n\n<p><em>A noter que parmi les vachettes pr\u00e9sentes \u00e9galement sur la course, l&#8217;encore plus discret <strong><a href=\"https:\/\/www.toulouse-tri.com\/?page_id=2155&amp;id=199\">Jean-Marie<\/a><\/strong> aurait pu \u00e9galement avoir le jeton en discutant un peu moins en cours de route avec les b\u00e9n\u00e9voles. Mais de son aveu m\u00eame, il ne l&#8217;aurait pas forc\u00e9ment pris, les prix du dossard, des s\u00e9jours et du voyage \u00e9tant devenus compl\u00e8tement d\u00e9lirants. Mais d&#8217;un autre c\u00f4t\u00e9, quand on a d\u00e9j\u00e0 \u00e9t\u00e9 <strong><a href=\"https:\/\/www.toulouse-tri.com\/?page_id=138\">champion du monde<\/a><\/strong>, c&#8217;est difficile de viser plus haut encore !<\/em><\/p>\n\n\n\n<h2 class=\"wp-block-heading\">Jamais deux sans trois, Laurent va en Utah<\/h2>\n\n\n\n<p>La semaine suivante, c&#8217;est le week-end de l&#8217;incontournable <strong><a href=\"https:\/\/half.toac-triathlon.com\/\">triathlon de Nailloux<\/a><\/strong>, ou <strong><a href=\"https:\/\/www.toulouse-tri.com\/?page_id=1944&amp;id=20220704103659\">half du Lauragais<\/a><\/strong>, organis\u00e9 par nos copains du <strong><a href=\"https:\/\/toac-triathlon.com\/\">TOAC<\/a><\/strong>.<br>Enfin, \u00e7a, c&#8217;est pour la pl\u00e8be.<br>Les champions, eux, ils vont sous d&#8217;autres cieux.<\/p>\n\n\n\n<p>Et <strong><a href=\"https:\/\/www.toulouse-tri.com\/?page_id=2155&amp;id=845\">Laurent<\/a><\/strong>, qui cette ann\u00e9e s&#8217;\u00e9tait plut\u00f4t sp\u00e9cialis\u00e9 dans <strong><a href=\"https:\/\/www.toulouse-tri.com\/?page_id=11035\">le podium sur format XS<\/a><\/strong> (oui, avec quand m\u00eame une victoire, une troisi\u00e8me place au scratch et deux victoires en master, on peut commencer \u00e0 parler de sp\u00e9cialisation), avait choisi une course un tantinet plus relev\u00e9e en termes de d\u00e9nivel\u00e9 et de dur\u00e9e, en allant barboter dans un lac surchauff\u00e9 en montagne, visiter une premi\u00e8re fois le Coll de Ordino, puis une deuxi\u00e8me pour \u00eatre bien s\u00fbr de s&#8217;en souvenir, pour finir par une course \u00e9tonnamment plane, bref, en choisissant d&#8217;aller se frotter au <strong><a href=\"https:\/\/www.toulouse-tri.com\/?page_id=1944&amp;id=20220704053331\">70.3 Andorra<\/a><\/strong> ! Celui-l\u00e0 m\u00eame ou l&#8217;ann\u00e9e d&#8217;avant <strong><a href=\"https:\/\/www.toulouse-tri.com\/?page_id=2155&amp;id=1044\">In\u00e8s<\/a><\/strong> puis <strong><a href=\"https:\/\/www.toulouse-tri.com\/?page_id=2155&amp;id=1011\">Leanne<\/a><\/strong> s&#8217;\u00e9taient qualifi\u00e9es pour les championnats du monde de half (mais, en pleine \u00e9pid\u00e9mie, avaient refus\u00e9 comme presque tout le monde, les incertitudes sur les voyages \u00e9tant trop fortes).<br>Cette ann\u00e9e, plus rien de tout \u00e7a, et <strong><a href=\"https:\/\/www.toulouse-tri.com\/?page_id=2155&amp;id=845\">Laurent<\/a><\/strong> r\u00e9cup\u00e8re bel et bien un ticket pour l&#8217;Utah, avec un billet pour aller visiter Saint-Georges fin octobre.<\/p>\n\n\n\n<p><em>Et comme une vachette voyage rarement seule, une toute n\u00e9o-vachette, <strong><a href=\"https:\/\/www.toulouse-tri.com\/?page_id=2155&amp;id=1167\">Florette<\/a><\/strong>, sera \u00e9galement du voyage, s&#8217;\u00e9tant qualifi\u00e9e dans son club pr\u00e9c\u00e9dent avant de rejoindre le Toulouse Triathlon pour la nouvelle saison.<\/em><\/p>\n\n\n\n<figure class=\"wp-block-image aligncenter size-full\"><a href=\"https:\/\/www.toulouse-tri.com\/wp-content\/uploads\/2022\/10\/Les-qualifies-2022.jpg\"><img loading=\"lazy\" decoding=\"async\" width=\"2060\" height=\"720\" src=\"https:\/\/www.toulouse-tri.com\/wp-content\/uploads\/2022\/10\/Les-qualifies-2022.jpg\" alt=\"\" class=\"wp-image-12326\" srcset=\"https:\/\/www.toulouse-tri.com\/wp-content\/uploads\/2022\/10\/Les-qualifies-2022.jpg 2060w, https:\/\/www.toulouse-tri.com\/wp-content\/uploads\/2022\/10\/Les-qualifies-2022-300x105.jpg 300w, https:\/\/www.toulouse-tri.com\/wp-content\/uploads\/2022\/10\/Les-qualifies-2022-1024x358.jpg 1024w, https:\/\/www.toulouse-tri.com\/wp-content\/uploads\/2022\/10\/Les-qualifies-2022-768x268.jpg 768w, https:\/\/www.toulouse-tri.com\/wp-content\/uploads\/2022\/10\/Les-qualifies-2022-1536x537.jpg 1536w, https:\/\/www.toulouse-tri.com\/wp-content\/uploads\/2022\/10\/Les-qualifies-2022-2048x716.jpg 2048w, https:\/\/www.toulouse-tri.com\/wp-content\/uploads\/2022\/10\/Les-qualifies-2022-24x8.jpg 24w, https:\/\/www.toulouse-tri.com\/wp-content\/uploads\/2022\/10\/Les-qualifies-2022-36x13.jpg 36w, https:\/\/www.toulouse-tri.com\/wp-content\/uploads\/2022\/10\/Les-qualifies-2022-48x17.jpg 48w, https:\/\/www.toulouse-tri.com\/wp-content\/uploads\/2022\/10\/Les-qualifies-2022-400x140.jpg 400w\" sizes=\"auto, (max-width: 2060px) 100vw, 2060px\" \/><\/a><figcaption>PH et son invitation, Mike et un grand gar\u00e7on, Laurent et son jeton&#8230;<\/figcaption><\/figure>\n","protected":false},"excerpt":{"rendered":"<p>PH, Mike et Laurent porteront haut les couleurs du club aux diff\u00e9rents Championnats du Monde pour lesquels ils se sont brillamment qualifi\u00e9s.<\/p>\n","protected":false},"author":601,"featured_media":0,"comment_status":"open","ping_status":"open","sticky":false,"template":"","format":"standard","meta":{"footnotes":"","_links_to":"","_links_to_target":""},"categories":[84],"tags":[80,62,120,76,127,60],"class_list":["post-12323","post","type-post","status-publish","format-standard","hentry","category-compte-rendus","tag-championnat","tag-club","tag-half","tag-ironman","tag-podium","tag-triathlon"],"yoast_head":"<!-- This site is optimized with the Yoast SEO plugin v27.4 - https:\/\/yoast.com\/product\/yoast-seo-wordpress\/ -->\n<title>Qualifi\u00e9s ! - Toulouse Triathlon<\/title>\n<meta name=\"robots\" content=\"index, follow, max-snippet:-1, max-image-preview:large, max-video-preview:-1\" \/>\n<link rel=\"canonical\" href=\"https:\/\/www.toulouse-tri.com\/?p=12323\" \/>\n<meta property=\"og:locale\" content=\"fr_FR\" \/>\n<meta property=\"og:type\" content=\"article\" \/>\n<meta property=\"og:title\" content=\"Qualifi\u00e9s ! - Toulouse Triathlon\" \/>\n<meta property=\"og:description\" content=\"PH, Mike et Laurent porteront haut les couleurs du club aux diff\u00e9rents Championnats du Monde pour lesquels ils se sont brillamment qualifi\u00e9s.\" \/>\n<meta property=\"og:url\" content=\"https:\/\/www.toulouse-tri.com\/?p=12323\" \/>\n<meta property=\"og:site_name\" content=\"Toulouse Triathlon\" \/>\n<meta property=\"article:published_time\" content=\"2022-10-07T15:25:30+00:00\" \/>\n<meta property=\"article:modified_time\" content=\"2022-10-08T08:39:37+00:00\" \/>\n<meta property=\"og:image\" content=\"https:\/\/www.toulouse-tri.com\/wp-content\/uploads\/2022\/10\/Les-qualifies-2022.jpg\" \/>\n<meta name=\"author\" content=\"Franck DEBREILLY\" \/>\n<meta name=\"twitter:card\" content=\"summary_large_image\" \/>\n<meta name=\"twitter:label1\" content=\"\u00c9crit par\" \/>\n\t<meta name=\"twitter:data1\" content=\"Franck DEBREILLY\" \/>\n\t<meta name=\"twitter:label2\" content=\"Dur\u00e9e de lecture estim\u00e9e\" \/>\n\t<meta name=\"twitter:data2\" content=\"5 minutes\" \/>\n<script type=\"application\/ld+json\" class=\"yoast-schema-graph\">{\"@context\":\"https:\\\/\\\/schema.org\",\"@graph\":[{\"@type\":\"Article\",\"@id\":\"https:\\\/\\\/www.toulouse-tri.com\\\/?p=12323#article\",\"isPartOf\":{\"@id\":\"https:\\\/\\\/www.toulouse-tri.com\\\/?p=12323\"},\"author\":{\"name\":\"Franck DEBREILLY\",\"@id\":\"https:\\\/\\\/www.toulouse-tri.com\\\/#\\\/schema\\\/person\\\/e6c53339838d167d1f6fd4378df9b2b1\"},\"headline\":\"Qualifi\u00e9s !\",\"datePublished\":\"2022-10-07T15:25:30+00:00\",\"dateModified\":\"2022-10-08T08:39:37+00:00\",\"mainEntityOfPage\":{\"@id\":\"https:\\\/\\\/www.toulouse-tri.com\\\/?p=12323\"},\"wordCount\":910,\"commentCount\":1,\"publisher\":{\"@id\":\"https:\\\/\\\/www.toulouse-tri.com\\\/#organization\"},\"image\":{\"@id\":\"https:\\\/\\\/www.toulouse-tri.com\\\/?p=12323#primaryimage\"},\"thumbnailUrl\":\"https:\\\/\\\/www.toulouse-tri.com\\\/wp-content\\\/uploads\\\/2022\\\/10\\\/Les-qualifies-2022.jpg\",\"keywords\":[\"Championnat\",\"Club\",\"Half\",\"IronMan\",\"Podium\",\"Triathlon\"],\"articleSection\":[\"Compte-rendus\"],\"inLanguage\":\"fr-FR\",\"potentialAction\":[{\"@type\":\"CommentAction\",\"name\":\"Comment\",\"target\":[\"https:\\\/\\\/www.toulouse-tri.com\\\/?p=12323#respond\"]}]},{\"@type\":\"WebPage\",\"@id\":\"https:\\\/\\\/www.toulouse-tri.com\\\/?p=12323\",\"url\":\"https:\\\/\\\/www.toulouse-tri.com\\\/?p=12323\",\"name\":\"Qualifi\u00e9s ! - Toulouse Triathlon\",\"isPartOf\":{\"@id\":\"https:\\\/\\\/www.toulouse-tri.com\\\/#website\"},\"primaryImageOfPage\":{\"@id\":\"https:\\\/\\\/www.toulouse-tri.com\\\/?p=12323#primaryimage\"},\"image\":{\"@id\":\"https:\\\/\\\/www.toulouse-tri.com\\\/?p=12323#primaryimage\"},\"thumbnailUrl\":\"https:\\\/\\\/www.toulouse-tri.com\\\/wp-content\\\/uploads\\\/2022\\\/10\\\/Les-qualifies-2022.jpg\",\"datePublished\":\"2022-10-07T15:25:30+00:00\",\"dateModified\":\"2022-10-08T08:39:37+00:00\",\"breadcrumb\":{\"@id\":\"https:\\\/\\\/www.toulouse-tri.com\\\/?p=12323#breadcrumb\"},\"inLanguage\":\"fr-FR\",\"potentialAction\":[{\"@type\":\"ReadAction\",\"target\":[\"https:\\\/\\\/www.toulouse-tri.com\\\/?p=12323\"]}]},{\"@type\":\"ImageObject\",\"inLanguage\":\"fr-FR\",\"@id\":\"https:\\\/\\\/www.toulouse-tri.com\\\/?p=12323#primaryimage\",\"url\":\"https:\\\/\\\/www.toulouse-tri.com\\\/wp-content\\\/uploads\\\/2022\\\/10\\\/Les-qualifies-2022.jpg\",\"contentUrl\":\"https:\\\/\\\/www.toulouse-tri.com\\\/wp-content\\\/uploads\\\/2022\\\/10\\\/Les-qualifies-2022.jpg\"},{\"@type\":\"BreadcrumbList\",\"@id\":\"https:\\\/\\\/www.toulouse-tri.com\\\/?p=12323#breadcrumb\",\"itemListElement\":[{\"@type\":\"ListItem\",\"position\":1,\"name\":\"Accueil\",\"item\":\"https:\\\/\\\/www.toulouse-tri.com\\\/\"},{\"@type\":\"ListItem\",\"position\":2,\"name\":\"Qualifi\u00e9s !\"}]},{\"@type\":\"WebSite\",\"@id\":\"https:\\\/\\\/www.toulouse-tri.com\\\/#website\",\"url\":\"https:\\\/\\\/www.toulouse-tri.com\\\/\",\"name\":\"Toulouse Triathlon\",\"description\":\"Power Meuh\",\"publisher\":{\"@id\":\"https:\\\/\\\/www.toulouse-tri.com\\\/#organization\"},\"potentialAction\":[{\"@type\":\"SearchAction\",\"target\":{\"@type\":\"EntryPoint\",\"urlTemplate\":\"https:\\\/\\\/www.toulouse-tri.com\\\/?s={search_term_string}\"},\"query-input\":{\"@type\":\"PropertyValueSpecification\",\"valueRequired\":true,\"valueName\":\"search_term_string\"}}],\"inLanguage\":\"fr-FR\"},{\"@type\":\"Organization\",\"@id\":\"https:\\\/\\\/www.toulouse-tri.com\\\/#organization\",\"name\":\"Toulouse Triathlon\",\"url\":\"https:\\\/\\\/www.toulouse-tri.com\\\/\",\"logo\":{\"@type\":\"ImageObject\",\"inLanguage\":\"fr-FR\",\"@id\":\"https:\\\/\\\/www.toulouse-tri.com\\\/#\\\/schema\\\/logo\\\/image\\\/\",\"url\":\"https:\\\/\\\/www.toulouse-tri.com\\\/wp-content\\\/uploads\\\/2015\\\/03\\\/pwrmeuh.gif\",\"contentUrl\":\"https:\\\/\\\/www.toulouse-tri.com\\\/wp-content\\\/uploads\\\/2015\\\/03\\\/pwrmeuh.gif\",\"width\":224,\"height\":176,\"caption\":\"Toulouse Triathlon\"},\"image\":{\"@id\":\"https:\\\/\\\/www.toulouse-tri.com\\\/#\\\/schema\\\/logo\\\/image\\\/\"}},{\"@type\":\"Person\",\"@id\":\"https:\\\/\\\/www.toulouse-tri.com\\\/#\\\/schema\\\/person\\\/e6c53339838d167d1f6fd4378df9b2b1\",\"name\":\"Franck DEBREILLY\",\"image\":{\"@type\":\"ImageObject\",\"inLanguage\":\"fr-FR\",\"@id\":\"https:\\\/\\\/secure.gravatar.com\\\/avatar\\\/ab429b01a2537e09b4b6629abbe097c5f0d6b5653008dc71b5d257fcec8d88e0?s=96&d=wavatar&r=g\",\"url\":\"https:\\\/\\\/secure.gravatar.com\\\/avatar\\\/ab429b01a2537e09b4b6629abbe097c5f0d6b5653008dc71b5d257fcec8d88e0?s=96&d=wavatar&r=g\",\"contentUrl\":\"https:\\\/\\\/secure.gravatar.com\\\/avatar\\\/ab429b01a2537e09b4b6629abbe097c5f0d6b5653008dc71b5d257fcec8d88e0?s=96&d=wavatar&r=g\",\"caption\":\"Franck DEBREILLY\"},\"description\":\"Quand je ne m'entra\u00eene pas, je fais des jeux de soci\u00e9t\u00e9, et des voyages, \u00e0 pied de pr\u00e9f\u00e9rence (du genre http:\\\/\\\/gr10fk.free.fr)\",\"url\":\"https:\\\/\\\/www.toulouse-tri.com\\\/?author=601\"}]}<\/script>\n<!-- \/ Yoast SEO plugin. -->","yoast_head_json":{"title":"Qualifi\u00e9s ! - Toulouse Triathlon","robots":{"index":"index","follow":"follow","max-snippet":"max-snippet:-1","max-image-preview":"max-image-preview:large","max-video-preview":"max-video-preview:-1"},"canonical":"https:\/\/www.toulouse-tri.com\/?p=12323","og_locale":"fr_FR","og_type":"article","og_title":"Qualifi\u00e9s ! - Toulouse Triathlon","og_description":"PH, Mike et Laurent porteront haut les couleurs du club aux diff\u00e9rents Championnats du Monde pour lesquels ils se sont brillamment qualifi\u00e9s.","og_url":"https:\/\/www.toulouse-tri.com\/?p=12323","og_site_name":"Toulouse Triathlon","article_published_time":"2022-10-07T15:25:30+00:00","article_modified_time":"2022-10-08T08:39:37+00:00","og_image":[{"url":"https:\/\/www.toulouse-tri.com\/wp-content\/uploads\/2022\/10\/Les-qualifies-2022.jpg","type":"","width":"","height":""}],"author":"Franck DEBREILLY","twitter_card":"summary_large_image","twitter_misc":{"\u00c9crit par":"Franck DEBREILLY","Dur\u00e9e de lecture estim\u00e9e":"5 minutes"},"schema":{"@context":"https:\/\/schema.org","@graph":[{"@type":"Article","@id":"https:\/\/www.toulouse-tri.com\/?p=12323#article","isPartOf":{"@id":"https:\/\/www.toulouse-tri.com\/?p=12323"},"author":{"name":"Franck DEBREILLY","@id":"https:\/\/www.toulouse-tri.com\/#\/schema\/person\/e6c53339838d167d1f6fd4378df9b2b1"},"headline":"Qualifi\u00e9s !","datePublished":"2022-10-07T15:25:30+00:00","dateModified":"2022-10-08T08:39:37+00:00","mainEntityOfPage":{"@id":"https:\/\/www.toulouse-tri.com\/?p=12323"},"wordCount":910,"commentCount":1,"publisher":{"@id":"https:\/\/www.toulouse-tri.com\/#organization"},"image":{"@id":"https:\/\/www.toulouse-tri.com\/?p=12323#primaryimage"},"thumbnailUrl":"https:\/\/www.toulouse-tri.com\/wp-content\/uploads\/2022\/10\/Les-qualifies-2022.jpg","keywords":["Championnat","Club","Half","IronMan","Podium","Triathlon"],"articleSection":["Compte-rendus"],"inLanguage":"fr-FR","potentialAction":[{"@type":"CommentAction","name":"Comment","target":["https:\/\/www.toulouse-tri.com\/?p=12323#respond"]}]},{"@type":"WebPage","@id":"https:\/\/www.toulouse-tri.com\/?p=12323","url":"https:\/\/www.toulouse-tri.com\/?p=12323","name":"Qualifi\u00e9s ! - Toulouse Triathlon","isPartOf":{"@id":"https:\/\/www.toulouse-tri.com\/#website"},"primaryImageOfPage":{"@id":"https:\/\/www.toulouse-tri.com\/?p=12323#primaryimage"},"image":{"@id":"https:\/\/www.toulouse-tri.com\/?p=12323#primaryimage"},"thumbnailUrl":"https:\/\/www.toulouse-tri.com\/wp-content\/uploads\/2022\/10\/Les-qualifies-2022.jpg","datePublished":"2022-10-07T15:25:30+00:00","dateModified":"2022-10-08T08:39:37+00:00","breadcrumb":{"@id":"https:\/\/www.toulouse-tri.com\/?p=12323#breadcrumb"},"inLanguage":"fr-FR","potentialAction":[{"@type":"ReadAction","target":["https:\/\/www.toulouse-tri.com\/?p=12323"]}]},{"@type":"ImageObject","inLanguage":"fr-FR","@id":"https:\/\/www.toulouse-tri.com\/?p=12323#primaryimage","url":"https:\/\/www.toulouse-tri.com\/wp-content\/uploads\/2022\/10\/Les-qualifies-2022.jpg","contentUrl":"https:\/\/www.toulouse-tri.com\/wp-content\/uploads\/2022\/10\/Les-qualifies-2022.jpg"},{"@type":"BreadcrumbList","@id":"https:\/\/www.toulouse-tri.com\/?p=12323#breadcrumb","itemListElement":[{"@type":"ListItem","position":1,"name":"Accueil","item":"https:\/\/www.toulouse-tri.com\/"},{"@type":"ListItem","position":2,"name":"Qualifi\u00e9s !"}]},{"@type":"WebSite","@id":"https:\/\/www.toulouse-tri.com\/#website","url":"https:\/\/www.toulouse-tri.com\/","name":"Toulouse Triathlon","description":"Power Meuh","publisher":{"@id":"https:\/\/www.toulouse-tri.com\/#organization"},"potentialAction":[{"@type":"SearchAction","target":{"@type":"EntryPoint","urlTemplate":"https:\/\/www.toulouse-tri.com\/?s={search_term_string}"},"query-input":{"@type":"PropertyValueSpecification","valueRequired":true,"valueName":"search_term_string"}}],"inLanguage":"fr-FR"},{"@type":"Organization","@id":"https:\/\/www.toulouse-tri.com\/#organization","name":"Toulouse Triathlon","url":"https:\/\/www.toulouse-tri.com\/","logo":{"@type":"ImageObject","inLanguage":"fr-FR","@id":"https:\/\/www.toulouse-tri.com\/#\/schema\/logo\/image\/","url":"https:\/\/www.toulouse-tri.com\/wp-content\/uploads\/2015\/03\/pwrmeuh.gif","contentUrl":"https:\/\/www.toulouse-tri.com\/wp-content\/uploads\/2015\/03\/pwrmeuh.gif","width":224,"height":176,"caption":"Toulouse Triathlon"},"image":{"@id":"https:\/\/www.toulouse-tri.com\/#\/schema\/logo\/image\/"}},{"@type":"Person","@id":"https:\/\/www.toulouse-tri.com\/#\/schema\/person\/e6c53339838d167d1f6fd4378df9b2b1","name":"Franck DEBREILLY","image":{"@type":"ImageObject","inLanguage":"fr-FR","@id":"https:\/\/secure.gravatar.com\/avatar\/ab429b01a2537e09b4b6629abbe097c5f0d6b5653008dc71b5d257fcec8d88e0?s=96&d=wavatar&r=g","url":"https:\/\/secure.gravatar.com\/avatar\/ab429b01a2537e09b4b6629abbe097c5f0d6b5653008dc71b5d257fcec8d88e0?s=96&d=wavatar&r=g","contentUrl":"https:\/\/secure.gravatar.com\/avatar\/ab429b01a2537e09b4b6629abbe097c5f0d6b5653008dc71b5d257fcec8d88e0?s=96&d=wavatar&r=g","caption":"Franck DEBREILLY"},"description":"Quand je ne m'entra\u00eene pas, je fais des jeux de soci\u00e9t\u00e9, et des voyages, \u00e0 pied de pr\u00e9f\u00e9rence (du genre http:\/\/gr10fk.free.fr)","url":"https:\/\/www.toulouse-tri.com\/?author=601"}]}},"_links":{"self":[{"href":"https:\/\/www.toulouse-tri.com\/index.php?rest_route=\/wp\/v2\/posts\/12323","targetHints":{"allow":["GET"]}}],"collection":[{"href":"https:\/\/www.toulouse-tri.com\/index.php?rest_route=\/wp\/v2\/posts"}],"about":[{"href":"https:\/\/www.toulouse-tri.com\/index.php?rest_route=\/wp\/v2\/types\/post"}],"author":[{"embeddable":true,"href":"https:\/\/www.toulouse-tri.com\/index.php?rest_route=\/wp\/v2\/users\/601"}],"replies":[{"embeddable":true,"href":"https:\/\/www.toulouse-tri.com\/index.php?rest_route=%2Fwp%2Fv2%2Fcomments&post=12323"}],"version-history":[{"count":5,"href":"https:\/\/www.toulouse-tri.com\/index.php?rest_route=\/wp\/v2\/posts\/12323\/revisions"}],"predecessor-version":[{"id":12332,"href":"https:\/\/www.toulouse-tri.com\/index.php?rest_route=\/wp\/v2\/posts\/12323\/revisions\/12332"}],"wp:attachment":[{"href":"https:\/\/www.toulouse-tri.com\/index.php?rest_route=%2Fwp%2Fv2%2Fmedia&parent=12323"}],"wp:term":[{"taxonomy":"category","embeddable":true,"href":"https:\/\/www.toulouse-tri.com\/index.php?rest_route=%2Fwp%2Fv2%2Fcategories&post=12323"},{"taxonomy":"post_tag","embeddable":true,"href":"https:\/\/www.toulouse-tri.com\/index.php?rest_route=%2Fwp%2Fv2%2Ftags&post=12323"}],"curies":[{"name":"wp","href":"https:\/\/api.w.org\/{rel}","templated":true}]}}